{"id":3983,"date":"2018-12-15T00:45:28","date_gmt":"2018-12-14T23:45:28","guid":{"rendered":"http:\/\/blogg.varldenidag.se\/musik\/?p=3983"},"modified":"2018-12-13T21:45:45","modified_gmt":"2018-12-13T20:45:45","slug":"vibe-topp-18-2018-plats-17","status":"publish","type":"post","link":"http:\/\/blogg.varldenidag.se\/musik\/vibe-topp-18-2018-plats-17\/","title":{"rendered":"Vibe Topp 18 2018: Plats 17"},"content":{"rendered":"<p><i>Det \u00e4r dags igen!<br \/>\nVi har lyssnat igenom \u00f6ver 10 000 l\u00e5tar under det g\u00e5ngna \u00e5ret och ger oss i kast med det sm\u00e5tt om\u00f6jliga uppdraget att, som traditionen bjuder, lista de allra b\u00e4sta av dem. Det har varit sv\u00e5rt och konkurrensen har varit stenh\u00e5rd &#8211; med m\u00e5nga favoriter som inte f\u00e5r plats i denna lista. Men h\u00e4r \u00e4r v\u00e5ra absoluta favoriter 2018.<br \/>\nH\u00e4ng med i nedr\u00e4kningen &#8211; en l\u00e5t om dagen fram tills ny\u00e5rsafton!<\/i><\/p>\n<p><strong>Plats 17: For King &amp; Country &#8211; &#8221;Joy&#8221;<\/strong><br \/>\nAustraliens egna superstj\u00e4rnor p\u00e5 den kristna musikscenen har anv\u00e4nt det g\u00e5ngna \u00e5ret till att bland annat sl\u00e4ppa skiva. F\u00f6rsta singeln &#8221;Joy&#8221; satte niv\u00e5n direkt &#8211; en l\u00e5t d\u00e4r australiensarna forts\u00e4tter sig p\u00e5 det v\u00e5gade i att g\u00e5 sin egen v\u00e4g. Vi snackar gospelk\u00f6r och en stark refr\u00e4ng &#8211; vi snackar plats 17 p\u00e5 denna \u00e5rssummering.<\/p>\n<p><strong>Spotify-l\u00e4nk:\u00a0<\/strong><a href=\"https:\/\/open.spotify.com\/track\/35WxT8FX7Y3i7Tc4VX7yR3?si=mPWmh0XeQHi5I1qEqhORtQ\">https:\/\/open.spotify.com\/track\/35WxT8FX7Y3i7Tc4VX7yR3?si=mPWmh0XeQHi5I1qEqhORtQ<\/a><\/p>\n<div class=\"video-container\"><iframe loading=\"lazy\" title=\"for KING + COUNTRY \u2013 joy. (Official Music Video)\" width=\"500\" height=\"281\" src=\"https:\/\/www.youtube.com\/embed\/lA7n7TwPDmw?feature=oembed\" frameborder=\"0\" allow=\"accelerometer; autoplay; clipboard-write; encrypted-media; gyroscope; picture-in-picture; web-share\" referrerpolicy=\"strict-origin-when-cross-origin\" allowfullscreen><\/iframe><\/div>\n","protected":false},"excerpt":{"rendered":"<p>Det \u00e4r dags igen! Vi har lyssnat igenom \u00f6ver 10 000 l\u00e5tar under det g\u00e5ngna \u00e5ret och ger oss i kast med det sm\u00e5tt om\u00f6jliga uppdraget att, [&hellip;]<\/p>\n","protected":false},"author":15,"featured_media":0,"comment_status":"open","ping_status":"open","sticky":false,"template":"","format":"standard","meta":{"footnotes":"","_links_to":"","_links_to_target":""},"categories":[1],"tags":[],"class_list":["post-3983","post","type-post","status-publish","format-standard","hentry","category-musik"],"_links":{"self":[{"href":"http:\/\/blogg.varldenidag.se\/musik\/wp-json\/wp\/v2\/posts\/3983","targetHints":{"allow":["GET"]}}],"collection":[{"href":"http:\/\/blogg.varldenidag.se\/musik\/wp-json\/wp\/v2\/posts"}],"about":[{"href":"http:\/\/blogg.varldenidag.se\/musik\/wp-json\/wp\/v2\/types\/post"}],"author":[{"embeddable":true,"href":"http:\/\/blogg.varldenidag.se\/musik\/wp-json\/wp\/v2\/users\/15"}],"replies":[{"embeddable":true,"href":"http:\/\/blogg.varldenidag.se\/musik\/wp-json\/wp\/v2\/comments?post=3983"}],"version-history":[{"count":1,"href":"http:\/\/blogg.varldenidag.se\/musik\/wp-json\/wp\/v2\/posts\/3983\/revisions"}],"predecessor-version":[{"id":3984,"href":"http:\/\/blogg.varldenidag.se\/musik\/wp-json\/wp\/v2\/posts\/3983\/revisions\/3984"}],"wp:attachment":[{"href":"http:\/\/blogg.varldenidag.se\/musik\/wp-json\/wp\/v2\/media?parent=3983"}],"wp:term":[{"taxonomy":"category","embeddable":true,"href":"http:\/\/blogg.varldenidag.se\/musik\/wp-json\/wp\/v2\/categories?post=3983"},{"taxonomy":"post_tag","embeddable":true,"href":"http:\/\/blogg.varldenidag.se\/musik\/wp-json\/wp\/v2\/tags?post=3983"}],"curies":[{"name":"wp","href":"https:\/\/api.w.org\/{rel}","templated":true}]}}