{"id":3974,"date":"2018-12-13T00:45:10","date_gmt":"2018-12-12T23:45:10","guid":{"rendered":"http:\/\/blogg.varldenidag.se\/musik\/?p=3974"},"modified":"2018-11-28T22:50:50","modified_gmt":"2018-11-28T21:50:50","slug":"3974-2","status":"publish","type":"post","link":"http:\/\/blogg.varldenidag.se\/musik\/3974-2\/","title":{"rendered":"Medryckande hit fr\u00e5n debutant"},"content":{"rendered":"<p>2018 har varit ett riktigt super\u00e5r n\u00e4r det kommer till nykomlingar p\u00e5 den kristna musikscenen &#8211; \u00f6verallt poppar dom upp och bjussar p\u00e5 den ena sk\u00f6na l\u00e5ten efter den andra. Innan vi st\u00e4nger b\u00f6ckerna f\u00f6r att summera 2018 \u00e4r det h\u00f6g tid att dra fram ytterligare ett s\u00e5dant kort &#8211; amerikanen\u00a0<strong>Brian Ortize.\u00a0<\/strong><\/p>\n<p><strong>Brian\u00a0<\/strong>\u00e4r till vardags lovs\u00e5ngsledare i Kalifornien, d\u00e4r han ocks\u00e5 startat en egen lovs\u00e5ngsskola. Men vid sidan om det har han signat ett skivkontrakt med klassiska bolaget BEC Recordings och har precis sl\u00e4ppt sin f\u00f6rsta EP,\u00a0<em>&#8221;Open Up The Windows&#8221;.\u00a0<\/em>D\u00e4r v\u00e4lter han b\u00e5de kiosker och h\u00f6gtalare med sin medryckande uptempolovs\u00e5ng\u00a0<em>&#8221;Oh The Joy&#8221;\u00a0<\/em>som verkligen drar med lyssnaren. Det \u00e4r l\u00e4ge att utf\u00e4rda en rej\u00e4l hitvarning &#8211; och ett l\u00f6fte om att\u00a0<strong>Brian Ortize\u00a0<\/strong>kommer l\u00e5ta sig h\u00f6ras \u00e4n mer kommande \u00e5r. Missa inte!<\/p>\n<p><strong>Spotify-l\u00e4nk:\u00a0<\/strong>https:\/\/open.spotify.com\/track\/6dCwdXm5B8jHoZbpB4AEBu?si=zJu0mlQ4QW-ce0Nh_ZH3DA<\/p>\n<div class=\"video-container\"><iframe loading=\"lazy\" title=\"Brian Ortize- Oh the Joy (Lyric Video)\" width=\"500\" height=\"281\" src=\"https:\/\/www.youtube.com\/embed\/UHP056C-cDA?feature=oembed\" frameborder=\"0\" allow=\"accelerometer; autoplay; clipboard-write; encrypted-media; gyroscope; picture-in-picture; web-share\" referrerpolicy=\"strict-origin-when-cross-origin\" allowfullscreen><\/iframe><\/div>\n","protected":false},"excerpt":{"rendered":"<p>2018 har varit ett riktigt super\u00e5r n\u00e4r det kommer till nykomlingar p\u00e5 den kristna musikscenen &#8211; \u00f6verallt poppar dom upp och bjussar p\u00e5 den ena sk\u00f6na l\u00e5ten [&hellip;]<\/p>\n","protected":false},"author":15,"featured_media":0,"comment_status":"open","ping_status":"open","sticky":false,"template":"","format":"standard","meta":{"footnotes":"","_links_to":"","_links_to_target":""},"categories":[1],"tags":[],"class_list":["post-3974","post","type-post","status-publish","format-standard","hentry","category-musik"],"_links":{"self":[{"href":"http:\/\/blogg.varldenidag.se\/musik\/wp-json\/wp\/v2\/posts\/3974","targetHints":{"allow":["GET"]}}],"collection":[{"href":"http:\/\/blogg.varldenidag.se\/musik\/wp-json\/wp\/v2\/posts"}],"about":[{"href":"http:\/\/blogg.varldenidag.se\/musik\/wp-json\/wp\/v2\/types\/post"}],"author":[{"embeddable":true,"href":"http:\/\/blogg.varldenidag.se\/musik\/wp-json\/wp\/v2\/users\/15"}],"replies":[{"embeddable":true,"href":"http:\/\/blogg.varldenidag.se\/musik\/wp-json\/wp\/v2\/comments?post=3974"}],"version-history":[{"count":2,"href":"http:\/\/blogg.varldenidag.se\/musik\/wp-json\/wp\/v2\/posts\/3974\/revisions"}],"predecessor-version":[{"id":3976,"href":"http:\/\/blogg.varldenidag.se\/musik\/wp-json\/wp\/v2\/posts\/3974\/revisions\/3976"}],"wp:attachment":[{"href":"http:\/\/blogg.varldenidag.se\/musik\/wp-json\/wp\/v2\/media?parent=3974"}],"wp:term":[{"taxonomy":"category","embeddable":true,"href":"http:\/\/blogg.varldenidag.se\/musik\/wp-json\/wp\/v2\/categories?post=3974"},{"taxonomy":"post_tag","embeddable":true,"href":"http:\/\/blogg.varldenidag.se\/musik\/wp-json\/wp\/v2\/tags?post=3974"}],"curies":[{"name":"wp","href":"https:\/\/api.w.org\/{rel}","templated":true}]}}