{"id":3972,"date":"2018-12-11T00:39:03","date_gmt":"2018-12-10T23:39:03","guid":{"rendered":"http:\/\/blogg.varldenidag.se\/musik\/?p=3972"},"modified":"2018-11-28T22:42:37","modified_gmt":"2018-11-28T21:42:37","slug":"dansa-in-julen-med-neon-feather","status":"publish","type":"post","link":"http:\/\/blogg.varldenidag.se\/musik\/dansa-in-julen-med-neon-feather\/","title":{"rendered":"Dansa in julen med Neon Feather"},"content":{"rendered":"<p>F\u00f6rmodligen har du vid det h\u00e4r laget h\u00f6rt julklassikern\u00a0<em>&#8221;O Come O Come Emmanuel&#8221;\u00a0<\/em>otaliga g\u00e5nger, men vi kan \u00e4nd\u00e5 redan nu utlova att du troligen inte h\u00f6rt l\u00e5ten p\u00e5 det h\u00e4r s\u00e4ttet tidigare. F\u00f6r n\u00e4r den amerikanska DJ:n\u00a0<strong>Neon Feather\u00a0<\/strong>fr\u00e5n North Carolina &#8211; som nyligen signat med stora kristna bolaget Centricity &#8211; tar sig an klassikern s\u00e5 f\u00e5r den verkligen en ny skrud. L\u00e5ten kl\u00e4ds av\u00a0<strong>Neon Feather\u00a0<\/strong>&#8211; eller Ben Thompson som han egentligen heter &#8211; i en modern dancef\u00f6rpackning och pl\u00f6tsligt sv\u00e4nger jull\u00e5ten p\u00e5 ett helt nytt s\u00e4tt. S\u00e5, ta p\u00e5 dansskorna, t\u00e4nd julgransbelysningen, v\u00e4rm gl\u00f6ggen och dansa in julen!<\/p>\n<p><strong>Spotify-l\u00e4nk:\u00a0<\/strong>https:\/\/open.spotify.com\/track\/0dF3c86CxXP9HphLsGRYzj?si=wAz-68IaREKUx27Kqbp89Q<\/p>\n<div class=\"video-container\"><iframe loading=\"lazy\" title=\"Neon Feather - O Come O Come Emanuel ft. Emily Hamilton (Audio Only)\" width=\"500\" height=\"281\" src=\"https:\/\/www.youtube.com\/embed\/cON5mQjhO9Q?feature=oembed\" frameborder=\"0\" allow=\"accelerometer; autoplay; clipboard-write; encrypted-media; gyroscope; picture-in-picture; web-share\" referrerpolicy=\"strict-origin-when-cross-origin\" allowfullscreen><\/iframe><\/div>\n","protected":false},"excerpt":{"rendered":"<p>F\u00f6rmodligen har du vid det h\u00e4r laget h\u00f6rt julklassikern\u00a0&#8221;O Come O Come Emmanuel&#8221;\u00a0otaliga g\u00e5nger, men vi kan \u00e4nd\u00e5 redan nu utlova att du troligen inte h\u00f6rt l\u00e5ten [&hellip;]<\/p>\n","protected":false},"author":15,"featured_media":0,"comment_status":"open","ping_status":"open","sticky":false,"template":"","format":"standard","meta":{"footnotes":"","_links_to":"","_links_to_target":""},"categories":[1],"tags":[],"class_list":["post-3972","post","type-post","status-publish","format-standard","hentry","category-musik"],"_links":{"self":[{"href":"http:\/\/blogg.varldenidag.se\/musik\/wp-json\/wp\/v2\/posts\/3972","targetHints":{"allow":["GET"]}}],"collection":[{"href":"http:\/\/blogg.varldenidag.se\/musik\/wp-json\/wp\/v2\/posts"}],"about":[{"href":"http:\/\/blogg.varldenidag.se\/musik\/wp-json\/wp\/v2\/types\/post"}],"author":[{"embeddable":true,"href":"http:\/\/blogg.varldenidag.se\/musik\/wp-json\/wp\/v2\/users\/15"}],"replies":[{"embeddable":true,"href":"http:\/\/blogg.varldenidag.se\/musik\/wp-json\/wp\/v2\/comments?post=3972"}],"version-history":[{"count":1,"href":"http:\/\/blogg.varldenidag.se\/musik\/wp-json\/wp\/v2\/posts\/3972\/revisions"}],"predecessor-version":[{"id":3973,"href":"http:\/\/blogg.varldenidag.se\/musik\/wp-json\/wp\/v2\/posts\/3972\/revisions\/3973"}],"wp:attachment":[{"href":"http:\/\/blogg.varldenidag.se\/musik\/wp-json\/wp\/v2\/media?parent=3972"}],"wp:term":[{"taxonomy":"category","embeddable":true,"href":"http:\/\/blogg.varldenidag.se\/musik\/wp-json\/wp\/v2\/categories?post=3972"},{"taxonomy":"post_tag","embeddable":true,"href":"http:\/\/blogg.varldenidag.se\/musik\/wp-json\/wp\/v2\/tags?post=3972"}],"curies":[{"name":"wp","href":"https:\/\/api.w.org\/{rel}","templated":true}]}}