{"id":3909,"date":"2018-11-15T00:58:39","date_gmt":"2018-11-14T23:58:39","guid":{"rendered":"http:\/\/blogg.varldenidag.se\/musik\/?p=3909"},"modified":"2018-11-23T18:24:31","modified_gmt":"2018-11-23T17:24:31","slug":"youngheart-slappte-allt-for-musiken","status":"publish","type":"post","link":"http:\/\/blogg.varldenidag.se\/musik\/youngheart-slappte-allt-for-musiken\/","title":{"rendered":"Youngheart sl\u00e4ppte allt f\u00f6r musiken"},"content":{"rendered":"<p>Hur l\u00e5ngt skulle du g\u00e5 f\u00f6r att sprida budskapet om Jesus via musik?<\/p>\n<p>F\u00f6r de tre syskonen\u00a0<strong>Michael, Carlos\u00a0<\/strong>och\u00a0<strong>Gaby Ubinas\u00a0<\/strong>\u00e4r svaret: mycket l\u00e5ngt. N\u00e4r deras pappa k\u00e4nde Guds tilltal om att de skulle g\u00f6ra just detta s\u00e5lde de allt de \u00e4gde \u2013 hus och alla \u00e4godelar \u2013 och packade sig in i en husbil f\u00f6r att dra runt i landet och sprida Guds ord genom musiken.<\/p>\n<p>Men faktum \u00e4r att de tre syskonens musikskapande sannolikt kommer ta det h\u00e4r bandet b\u00e5de inom och utanf\u00f6r USA:s gr\u00e4nser. F\u00f6r tillsammans har de bildat bandet\u00a0<strong>Youngheart\u00a0<\/strong>som i somras briljerade med sin st\u00f6rtsk\u00f6na, oemotst\u00e5ndliga\u00a0<em>&#8221;I Believe&#8221;,\u00a0<\/em>som nu f\u00f6ljts upp med\u00a0<em>&#8221;You Tell Me&#8221;.\u00a0<\/em>Uppburet av en grym s\u00e5ngr\u00f6st, en tight produktion och en stark text och budskap blir det p\u00e5 nytt en fulltr\u00e4ff \u2013 en l\u00e5t som t\u00e5l att h\u00f6ras igen och igen. Vi snackar talanger av stora m\u00e5tt \u2013 och med en stor passion och hj\u00e4rta f\u00f6r det de g\u00f6r. Hitvarning!<\/p>\n<p><strong>Spotify-l\u00e4nk:\u00a0<\/strong><a href=\"https:\/\/open.spotify.com\/track\/18tCFWknS0gTJBBRLCuI0T?si=5fQ0XiCWRJacEvxoFnNCMw\">https:\/\/open.spotify.com\/track\/18tCFWknS0gTJBBRLCuI0T?si=5fQ0XiCWRJacEvxoFnNCMw<\/a><\/p>\n<p><strong>Youtube-l\u00e4nk:\u00a0<\/strong><a href=\"https:\/\/www.youtube.com\/watch?v=SjS8fhM1XpY\">https:\/\/www.youtube.com\/watch?v=SjS8fhM1XpY<\/a><\/p>\n<p><a href=\"https:\/\/glowingvibe.files.wordpress.com\/2018\/11\/c38a662b550679ce0d678381da1b8b62ba17d7bf.jpg\"><img loading=\"lazy\" decoding=\"async\" class=\"size-medium wp-image-3303 aligncenter\" src=\"https:\/\/glowingvibe.files.wordpress.com\/2018\/11\/c38a662b550679ce0d678381da1b8b62ba17d7bf.jpg?w=300\" alt=\"\" width=\"300\" height=\"300\" \/><\/a><\/p>\n","protected":false},"excerpt":{"rendered":"<p>Hur l\u00e5ngt skulle du g\u00e5 f\u00f6r att sprida budskapet om Jesus via musik? F\u00f6r de tre syskonen\u00a0Michael, Carlos\u00a0och\u00a0Gaby Ubinas\u00a0\u00e4r svaret: mycket l\u00e5ngt. N\u00e4r deras pappa k\u00e4nde Guds [&hellip;]<\/p>\n","protected":false},"author":15,"featured_media":0,"comment_status":"open","ping_status":"open","sticky":false,"template":"","format":"standard","meta":{"footnotes":"","_links_to":"","_links_to_target":""},"categories":[1],"tags":[],"class_list":["post-3909","post","type-post","status-publish","format-standard","hentry","category-musik"],"_links":{"self":[{"href":"http:\/\/blogg.varldenidag.se\/musik\/wp-json\/wp\/v2\/posts\/3909","targetHints":{"allow":["GET"]}}],"collection":[{"href":"http:\/\/blogg.varldenidag.se\/musik\/wp-json\/wp\/v2\/posts"}],"about":[{"href":"http:\/\/blogg.varldenidag.se\/musik\/wp-json\/wp\/v2\/types\/post"}],"author":[{"embeddable":true,"href":"http:\/\/blogg.varldenidag.se\/musik\/wp-json\/wp\/v2\/users\/15"}],"replies":[{"embeddable":true,"href":"http:\/\/blogg.varldenidag.se\/musik\/wp-json\/wp\/v2\/comments?post=3909"}],"version-history":[{"count":3,"href":"http:\/\/blogg.varldenidag.se\/musik\/wp-json\/wp\/v2\/posts\/3909\/revisions"}],"predecessor-version":[{"id":3952,"href":"http:\/\/blogg.varldenidag.se\/musik\/wp-json\/wp\/v2\/posts\/3909\/revisions\/3952"}],"wp:attachment":[{"href":"http:\/\/blogg.varldenidag.se\/musik\/wp-json\/wp\/v2\/media?parent=3909"}],"wp:term":[{"taxonomy":"category","embeddable":true,"href":"http:\/\/blogg.varldenidag.se\/musik\/wp-json\/wp\/v2\/categories?post=3909"},{"taxonomy":"post_tag","embeddable":true,"href":"http:\/\/blogg.varldenidag.se\/musik\/wp-json\/wp\/v2\/tags?post=3909"}],"curies":[{"name":"wp","href":"https:\/\/api.w.org\/{rel}","templated":true}]}}