{"id":3907,"date":"2018-11-13T00:47:08","date_gmt":"2018-11-12T23:47:08","guid":{"rendered":"http:\/\/blogg.varldenidag.se\/musik\/?p=3907"},"modified":"2018-11-23T18:26:55","modified_gmt":"2018-11-23T17:26:55","slug":"urstark-uppfoljare-fran-gniste","status":"publish","type":"post","link":"http:\/\/blogg.varldenidag.se\/musik\/urstark-uppfoljare-fran-gniste\/","title":{"rendered":"Urstark uppf\u00f6ljare fr\u00e5n Gniste"},"content":{"rendered":"<p>N\u00e4r\u00a0<strong>Josefina Gniste\u00a0<\/strong>sl\u00e4ppte sin debutskiva &#8221;M\u00f6t oss h\u00e4r&#8221; 2016 s\u00e5 fick den ett varmt mottagande, brett \u00f6ver \u00e5ldrar och samfund. Men s\u00e5 var det ocks\u00e5 n\u00e5got speciellt med skivan &#8211; vars l\u00e5tar streamats \u00f6ver tv\u00e5 miljoner g\u00e5nger p\u00e5 Spotify &#8211; som gav oss m\u00e5nga nya lovs\u00e5nger p\u00e5 svenska.<\/p>\n<p>I fredags sl\u00e4pptes hennes uppf\u00f6ljare, &#8221;L\u00e5t oss f\u00e5 se&#8221;, fylld med 12 nya lovs\u00e5nger p\u00e5 svenska. Resultatet? \u00c4nnu en urstark skiva fr\u00e5n\u00a0<strong>Gniste\u00a0<\/strong>som cementerar fast faktumet att hon \u00e4r en otroligt talangfull s\u00e5ngerska, l\u00e5tskrivare och lovs\u00e5ngsledare.<\/p>\n<p>Bredden imponerar p\u00e5 skivan. H\u00e4r finns lugna, vackra, och avskalade\u00a0<em>&#8221;L\u00e5t din vilja ske&#8221;,\u00a0<\/em>h\u00e4rligt gl\u00e4djefyllda <em>&#8221;Friheten har ett namn&#8221;, <\/em>starka titelsp\u00e5ret <em>&#8221;L\u00e5t oss f\u00e5 se&#8221; <\/em>och enormt medryckande <i>&#8221;Enade i k\u00e4rlek&#8221; <\/i>som l\u00e5ter v\u00e4ldigt mycket som en blivande favorit runtom i landets kyrkor. Men h\u00e4r finns ocks\u00e5 tre fantastiska \u00f6vers\u00e4ttningar av n\u00e5gra av de senaste \u00e5rens b\u00e4sta lovs\u00e5nger fr\u00e5n andra sidan Atlanten: <strong>Housefires\u00a0<\/strong><em>&#8221;Build my life&#8221;\u00a0<\/em>har blivit till\u00a0<em>&#8221;Bygger mitt liv&#8221;,\u00a0<\/em><strong>The Belonging Co\/Lauren Daigles<\/strong>\u00a0<em>&#8221;Peace Be Still&#8221;\u00a0<\/em>har blivit till\u00a0<em>&#8221;Varde frid&#8221;\u00a0<\/em>och <strong>John Marc &amp; Sarah McMillans<\/strong> <em>&#8221;King of my heart&#8221; <\/em>har blivit till <em>&#8221;Hj\u00e4rtats Herre och Kung&#8221;.<\/em><\/p>\n<p>Det mest p\u00e5tagliga \u00e4r hur stark skivan \u00e4r precis rakt igenom, och att den dessutom s\u00e4tter sig redan vid f\u00f6rsta lyssningen &#8211; n\u00e5got som aldrig \u00e4r en sj\u00e4lvklarhet. Det \u00e4r en skiva som knappast g\u00e5r att vara utan och som kommer l\u00e5ta sprida sina nya lovs\u00e5nger runtom bland kyrkor i hela v\u00e5rt avl\u00e5nga land &#8211; den saken \u00e4r s\u00e4ker. Det h\u00e4r \u00e4r sammantaget den b\u00e4sta svenska lovs\u00e5ngsskiva jag h\u00f6rt p\u00e5 mycket, mycket l\u00e4nge. \u00c4nnu b\u00e4ttre \u00e4n hennes debutskiva? Tja, jag skulle nog faktiskt s\u00e4ga det. Urstarkt!<\/p>\n<p><strong>Spotify-l\u00e4nk:\u00a0<\/strong><a href=\"https:\/\/open.spotify.com\/user\/coturnix\/playlist\/7m0ALP5MG10HNwuDDiWyAQ?si=BL5QaSNLTheszBXMc154Yw\">https:\/\/open.spotify.com\/user\/coturnix\/playlist\/7m0ALP5MG10HNwuDDiWyAQ?si=BL5QaSNLTheszBXMc154Yw<\/a><\/p>\n<p><a href=\"https:\/\/glowingvibe.files.wordpress.com\/2018\/11\/2597217332730881670_1539674697969_w312.jpg\"><img loading=\"lazy\" decoding=\"async\" class=\"size-medium wp-image-3300 aligncenter\" src=\"https:\/\/glowingvibe.files.wordpress.com\/2018\/11\/2597217332730881670_1539674697969_w312.jpg?w=300\" alt=\"\" width=\"300\" height=\"300\" \/><\/a><\/p>\n<p><b><span style=\"font-size: small;\"><span style=\"color: #444444;\">Psst\u2026 ta g\u00e4rna en titt p\u00e5 v\u00e5r hemsida &#8211; <\/span><a href=\"http:\/\/soundshine.webnode.se\/\">http:\/\/soundshine.webnode.se<\/a><span style=\"color: #444444;\">.<\/span><\/span><\/b><\/p>\n","protected":false},"excerpt":{"rendered":"<p>N\u00e4r\u00a0Josefina Gniste\u00a0sl\u00e4ppte sin debutskiva &#8221;M\u00f6t oss h\u00e4r&#8221; 2016 s\u00e5 fick den ett varmt mottagande, brett \u00f6ver \u00e5ldrar och samfund. Men s\u00e5 var det ocks\u00e5 n\u00e5got speciellt med [&hellip;]<\/p>\n","protected":false},"author":15,"featured_media":0,"comment_status":"open","ping_status":"open","sticky":false,"template":"","format":"standard","meta":{"footnotes":"","_links_to":"","_links_to_target":""},"categories":[1],"tags":[],"class_list":["post-3907","post","type-post","status-publish","format-standard","hentry","category-musik"],"_links":{"self":[{"href":"http:\/\/blogg.varldenidag.se\/musik\/wp-json\/wp\/v2\/posts\/3907","targetHints":{"allow":["GET"]}}],"collection":[{"href":"http:\/\/blogg.varldenidag.se\/musik\/wp-json\/wp\/v2\/posts"}],"about":[{"href":"http:\/\/blogg.varldenidag.se\/musik\/wp-json\/wp\/v2\/types\/post"}],"author":[{"embeddable":true,"href":"http:\/\/blogg.varldenidag.se\/musik\/wp-json\/wp\/v2\/users\/15"}],"replies":[{"embeddable":true,"href":"http:\/\/blogg.varldenidag.se\/musik\/wp-json\/wp\/v2\/comments?post=3907"}],"version-history":[{"count":3,"href":"http:\/\/blogg.varldenidag.se\/musik\/wp-json\/wp\/v2\/posts\/3907\/revisions"}],"predecessor-version":[{"id":3955,"href":"http:\/\/blogg.varldenidag.se\/musik\/wp-json\/wp\/v2\/posts\/3907\/revisions\/3955"}],"wp:attachment":[{"href":"http:\/\/blogg.varldenidag.se\/musik\/wp-json\/wp\/v2\/media?parent=3907"}],"wp:term":[{"taxonomy":"category","embeddable":true,"href":"http:\/\/blogg.varldenidag.se\/musik\/wp-json\/wp\/v2\/categories?post=3907"},{"taxonomy":"post_tag","embeddable":true,"href":"http:\/\/blogg.varldenidag.se\/musik\/wp-json\/wp\/v2\/tags?post=3907"}],"curies":[{"name":"wp","href":"https:\/\/api.w.org\/{rel}","templated":true}]}}