{"id":3902,"date":"2018-11-10T00:23:20","date_gmt":"2018-11-09T23:23:20","guid":{"rendered":"http:\/\/blogg.varldenidag.se\/musik\/?p=3902"},"modified":"2018-11-12T20:48:26","modified_gmt":"2018-11-12T19:48:26","slug":"afrika-moter-usa-i-nytt-projekt","status":"publish","type":"post","link":"http:\/\/blogg.varldenidag.se\/musik\/afrika-moter-usa-i-nytt-projekt\/","title":{"rendered":"Afrika m\u00f6ter USA i nytt projekt"},"content":{"rendered":"<p>N\u00e4r nya duon <b>Land of Color<\/b>\u00a0skapar musik m\u00f6ts en f\u00e4rgrik mix av afrikanska rytmer k\u00e4nslan fr\u00e5n den amerikanska v\u00e4stkusten. Bakom projektet ligger Gary Rea och Thomas Ewing, tv\u00e5 v\u00e4nner fr\u00e5n motsatta sidor p\u00e5 jordklotet men som f\u00f6renas i att de delar samma passion och hj\u00e4rta f\u00f6r sin tro och f\u00f6r kyrkan.<\/p>\n<p>Deras f\u00f6rsta sl\u00e4pp, <i>&#8221;Many Lands&#8221;<\/i>, \u00e4r en sp\u00e4nnande l\u00e5t med sk\u00f6na tong\u00e5ngar som andas just b\u00e5de Afrika och det moderna USA. En intressant pophybrid som \u00e4r l\u00e4tt att \u00e4lska, som gjord att spela i bakgrunden p\u00e5 arbetet, i bilen eller med skolb\u00f6ckerna framf\u00f6r dig. Det h\u00e4r \u00e4r en duo du definitivt ska h\u00e5lla koll p\u00e5, vilket redan \u00f6ver 100 000 lyssnare p\u00e5 Spotify har uppt\u00e4ckt. Sp\u00e4nnande grupp!<\/p>\n<p><b>Spotify-l\u00e4nk:\u00a0<\/b><a id=\"LPlnk687583\" class=\"x_OWAAutoLink\" title=\"Skyddat av Outlook: https:\/\/open.spotify.com\/track\/4ywQGBqBhvJE8yeFstGIgX?si=HFtTR_97Sc2lRW4FoibHjg. Klicka eller tryck om du vill f\u00f6lja l\u00e4nken.\" href=\"https:\/\/eur01.safelinks.protection.outlook.com\/?url=https%3A%2F%2Fopen.spotify.com%2Ftrack%2F4ywQGBqBhvJE8yeFstGIgX%3Fsi%3DHFtTR_97Sc2lRW4FoibHjg&amp;data=02%7C01%7C%7C85c8ddb743f445cb613e08d63a44c6c7%7C84df9e7fe9f640afb435aaaaaaaaaaaa%7C1%7C0%7C636760464392327871&amp;sdata=UA14ca5cf8aw23Yt7X9F4cVkPvrU7w8qKVsA469Ime0%3D&amp;reserved=0\" target=\"_blank\" rel=\"noopener noreferrer\">https:\/\/open.spotify.com\/track\/4ywQGBqBhvJE8yeFstGIgX?si=HFtTR_97Sc2lRW4FoibHjg<\/a><\/p>\n<p><strong>Youtube-l\u00e4nk:\u00a0<\/strong><a href=\"https:\/\/www.youtube.com\/watch?v=gVFR24cpPgE\">https:\/\/www.youtube.com\/watch?v=gVFR24cpPgE<\/a><\/p>\n<p><a href=\"https:\/\/glowingvibe.files.wordpress.com\/2018\/11\/4acc17d3db7d42369e1489be7bd51b6d.jpg\"><img loading=\"lazy\" decoding=\"async\" class=\"size-medium wp-image-3290 aligncenter\" src=\"https:\/\/glowingvibe.files.wordpress.com\/2018\/11\/4acc17d3db7d42369e1489be7bd51b6d.jpg?w=300\" alt=\"\" width=\"300\" height=\"300\" \/><\/a><\/p>\n","protected":false},"excerpt":{"rendered":"<p>N\u00e4r nya duon Land of Color\u00a0skapar musik m\u00f6ts en f\u00e4rgrik mix av afrikanska rytmer k\u00e4nslan fr\u00e5n den amerikanska v\u00e4stkusten. Bakom projektet ligger Gary Rea och Thomas Ewing, [&hellip;]<\/p>\n","protected":false},"author":15,"featured_media":0,"comment_status":"open","ping_status":"open","sticky":false,"template":"","format":"standard","meta":{"footnotes":"","_links_to":"","_links_to_target":""},"categories":[1],"tags":[],"class_list":["post-3902","post","type-post","status-publish","format-standard","hentry","category-musik"],"_links":{"self":[{"href":"http:\/\/blogg.varldenidag.se\/musik\/wp-json\/wp\/v2\/posts\/3902","targetHints":{"allow":["GET"]}}],"collection":[{"href":"http:\/\/blogg.varldenidag.se\/musik\/wp-json\/wp\/v2\/posts"}],"about":[{"href":"http:\/\/blogg.varldenidag.se\/musik\/wp-json\/wp\/v2\/types\/post"}],"author":[{"embeddable":true,"href":"http:\/\/blogg.varldenidag.se\/musik\/wp-json\/wp\/v2\/users\/15"}],"replies":[{"embeddable":true,"href":"http:\/\/blogg.varldenidag.se\/musik\/wp-json\/wp\/v2\/comments?post=3902"}],"version-history":[{"count":2,"href":"http:\/\/blogg.varldenidag.se\/musik\/wp-json\/wp\/v2\/posts\/3902\/revisions"}],"predecessor-version":[{"id":3904,"href":"http:\/\/blogg.varldenidag.se\/musik\/wp-json\/wp\/v2\/posts\/3902\/revisions\/3904"}],"wp:attachment":[{"href":"http:\/\/blogg.varldenidag.se\/musik\/wp-json\/wp\/v2\/media?parent=3902"}],"wp:term":[{"taxonomy":"category","embeddable":true,"href":"http:\/\/blogg.varldenidag.se\/musik\/wp-json\/wp\/v2\/categories?post=3902"},{"taxonomy":"post_tag","embeddable":true,"href":"http:\/\/blogg.varldenidag.se\/musik\/wp-json\/wp\/v2\/tags?post=3902"}],"curies":[{"name":"wp","href":"https:\/\/api.w.org\/{rel}","templated":true}]}}