{"id":3900,"date":"2018-11-08T00:00:35","date_gmt":"2018-11-07T23:00:35","guid":{"rendered":"http:\/\/blogg.varldenidag.se\/musik\/?p=3900"},"modified":"2018-11-05T22:07:55","modified_gmt":"2018-11-05T21:07:55","slug":"jj-heller-bjuder-pa-skon-stamning","status":"publish","type":"post","link":"http:\/\/blogg.varldenidag.se\/musik\/jj-heller-bjuder-pa-skon-stamning\/","title":{"rendered":"JJ Heller bjuder p\u00e5 sk\u00f6n st\u00e4mning"},"content":{"rendered":"<p>Letar du efter avkopplande, sk\u00f6n musik att s\u00e4tta p\u00e5 lite i bakgrunden?\u00a0<strong>JJ Heller\u00a0<\/strong>har l\u00f6sningen! Hennes nya skiva <em>&#8221;I Dream Of You (Vol 2)&#8221; &#8211;\u00a0<\/em>hennes uppf\u00f6ljare till volym ett som kom 2015 &#8211; bjuder n\u00e4mligen p\u00e5 just detta.\u00a0<strong>JJ Heller\u00a0<\/strong>\u00e4r en fena p\u00e5 att skriva pianoballader, som p\u00e5minner en hel del om\u00a0<strong>Leigh Nash\u00a0<\/strong>och\u00a0<strong>Sara Groves<\/strong> f\u00f6r att n\u00e4mna n\u00e5gra.<\/p>\n<p>Nya skivan \u00e4r fylld med sk\u00f6na l\u00e5tar som\u00a0<em>&#8221;Here Comes The Sun&#8221;<\/em> och<i> charmerande favoriten <\/i>&#8221;L-O-V-E&#8221;, men ocks\u00e5 tolkningar av v\u00e4lk\u00e4nda l\u00e5tar som\u00a0<em>&#8221;Over The Rainbow&#8221;\u00a0<\/em>och\u00a0<em>&#8221;Bridge Over Troubled Water&#8221;.\u00a0<\/em>En avslappnande sk\u00f6n h\u00f6stskiva, helt enkelt!<\/p>\n<p><strong>Spotify-l\u00e4nk:\u00a0<\/strong>https:\/\/open.spotify.com\/track\/1xLcN21nDSc1XIMRjMrQVf?si=Cpkw0vBVQGG8i09FLLR3Cw<\/p>\n<p><a href=\"https:\/\/glowingvibe.files.wordpress.com\/2018\/11\/600x600bf.png\"><img loading=\"lazy\" decoding=\"async\" class=\"size-medium wp-image-3287 aligncenter\" src=\"https:\/\/glowingvibe.files.wordpress.com\/2018\/11\/600x600bf.png?w=300\" alt=\"\" width=\"300\" height=\"300\" \/><\/a><\/p>\n<p>&nbsp;<\/p>\n","protected":false},"excerpt":{"rendered":"<p>Letar du efter avkopplande, sk\u00f6n musik att s\u00e4tta p\u00e5 lite i bakgrunden?\u00a0JJ Heller\u00a0har l\u00f6sningen! Hennes nya skiva &#8221;I Dream Of You (Vol 2)&#8221; &#8211;\u00a0hennes uppf\u00f6ljare till volym [&hellip;]<\/p>\n","protected":false},"author":15,"featured_media":0,"comment_status":"open","ping_status":"open","sticky":false,"template":"","format":"standard","meta":{"footnotes":"","_links_to":"","_links_to_target":""},"categories":[1],"tags":[],"class_list":["post-3900","post","type-post","status-publish","format-standard","hentry","category-musik"],"_links":{"self":[{"href":"http:\/\/blogg.varldenidag.se\/musik\/wp-json\/wp\/v2\/posts\/3900","targetHints":{"allow":["GET"]}}],"collection":[{"href":"http:\/\/blogg.varldenidag.se\/musik\/wp-json\/wp\/v2\/posts"}],"about":[{"href":"http:\/\/blogg.varldenidag.se\/musik\/wp-json\/wp\/v2\/types\/post"}],"author":[{"embeddable":true,"href":"http:\/\/blogg.varldenidag.se\/musik\/wp-json\/wp\/v2\/users\/15"}],"replies":[{"embeddable":true,"href":"http:\/\/blogg.varldenidag.se\/musik\/wp-json\/wp\/v2\/comments?post=3900"}],"version-history":[{"count":1,"href":"http:\/\/blogg.varldenidag.se\/musik\/wp-json\/wp\/v2\/posts\/3900\/revisions"}],"predecessor-version":[{"id":3901,"href":"http:\/\/blogg.varldenidag.se\/musik\/wp-json\/wp\/v2\/posts\/3900\/revisions\/3901"}],"wp:attachment":[{"href":"http:\/\/blogg.varldenidag.se\/musik\/wp-json\/wp\/v2\/media?parent=3900"}],"wp:term":[{"taxonomy":"category","embeddable":true,"href":"http:\/\/blogg.varldenidag.se\/musik\/wp-json\/wp\/v2\/categories?post=3900"},{"taxonomy":"post_tag","embeddable":true,"href":"http:\/\/blogg.varldenidag.se\/musik\/wp-json\/wp\/v2\/tags?post=3900"}],"curies":[{"name":"wp","href":"https:\/\/api.w.org\/{rel}","templated":true}]}}