{"id":3882,"date":"2018-10-29T22:27:57","date_gmt":"2018-10-29T21:27:57","guid":{"rendered":"http:\/\/blogg.varldenidag.se\/musik\/?p=3882"},"modified":"2018-11-05T21:50:11","modified_gmt":"2018-11-05T20:50:11","slug":"ny-stark-lovsang-fran-new-wine","status":"publish","type":"post","link":"http:\/\/blogg.varldenidag.se\/musik\/ny-stark-lovsang-fran-new-wine\/","title":{"rendered":"Ny stark lovs\u00e5ngsskiva fr\u00e5n New Wine"},"content":{"rendered":"<p>I somras &#8211; mitt under brinnande sommaren &#8211; p\u00e5gick tv\u00e4rkyrkliga New Wine Swedens stpra sommarkonferens i bandyarenan Arena V\u00e4nersborg. Det hela f\u00f6revigades genom inspelning av allt material, varifr\u00e5n 12 av lovs\u00e5ngerna nu getts ut i skivform p\u00e5 nya\u00a0<em>&#8221;Jesus Du f\u00f6rtj\u00e4nar allt&#8221;\u00a0<\/em>d\u00e4r\u00a0<strong>Alfred Nygren\u00a0<\/strong>och\u00a0<strong>Elin Sydhage\u00a0<\/strong>st\u00e5r f\u00f6r s\u00e5ngen.<\/p>\n<p><em>&#8221;Jesus du f\u00f6rtj\u00e4nar allt&#8221;\u00a0<\/em>\u00e4r en m\u00e4ktig skiva fylld av fantastisk lovs\u00e5ng &#8211; helt p\u00e5 svenska. En del \u00e4r nyskrivet, en del ny\u00f6versatt, och en del \u00e4r l\u00e5tar som sl\u00e4ppts i andra sammanhang tidigare men som nu spelats in i livesammanhang.<\/p>\n<p>Fr\u00e5n inledande, energiska\u00a0<em>&#8221;V\u00e4lkommen&#8221;\u00a0<\/em>till avslutande vackra, avskalade s\u00e5ngen\u00a0<em>&#8221;Hosianna&#8221;\u00a0<\/em>ryms det stor svensk lovs\u00e5ng som f\u00f6rst\u00e4rks av k\u00e4nslan i att allting \u00e4r inspelat live. <em>&#8221;V\u00e4ck passionen&#8221; &#8211;<\/em> en \u00f6vers\u00e4ttning av <strong>Worship Centrals <\/strong><em>&#8221;Stir a passion&#8221; &#8211; <\/em>ber\u00f6r precis som originalet, <strong>David Andre \u00d6stbys <\/strong><em>&#8221;O\u00e4ndlig n\u00e5d (Sjung halleluja)&#8221; <\/em>\u00e4r fantastisk \u00e4ven i denna <em>livekostym, &#8221;L\u00e5t varje hj\u00e4rta&#8221;<\/em> \u00e4r vacker och ber\u00f6rande, och det blir starkt n\u00e4r orden <em>&#8221;Jesus du f\u00f6rtj\u00e4nar allt&#8221;\u00a0<\/em>upprepas g\u00e5ng p\u00e5 g\u00e5ng i s\u00e5ngen med samma namn (och tillika skivans titelsp\u00e5r).<\/p>\n<p>Det h\u00e4r \u00e4r en skiva f\u00f6r alla de som \u00e4lskar lovs\u00e5ng p\u00e5 svenska, dessutom adderad med den extra dimensionen av r\u00e5heten i en liveinspelning. H\u00e4r finns m\u00e5nga nya favoriter att finna. Inte missa!<\/p>\n<p><strong>Spotify-l\u00e4nk:\u00a0<\/strong><a href=\"https:\/\/open.spotify.com\/album\/7kTN0Z1Dbe6J9BvuUcFM5c?si=KspvtClfQhuCwzh_nPGUGA\">https:\/\/open.spotify.com\/album\/7kTN0Z1Dbe6J9BvuUcFM5c?si=KspvtClfQhuCwzh_nPGUGA<\/a><\/p>\n<p><a href=\"https:\/\/glowingvibe.files.wordpress.com\/2018\/10\/5057293278655754760_1539671884179_w312.jpg\"><img loading=\"lazy\" decoding=\"async\" class=\"size-medium wp-image-3283 aligncenter\" src=\"https:\/\/glowingvibe.files.wordpress.com\/2018\/10\/5057293278655754760_1539671884179_w312.jpg?w=300\" alt=\"\" width=\"300\" height=\"300\" \/><\/a><\/p>\n","protected":false},"excerpt":{"rendered":"<p>I somras &#8211; mitt under brinnande sommaren &#8211; p\u00e5gick tv\u00e4rkyrkliga New Wine Swedens stpra sommarkonferens i bandyarenan Arena V\u00e4nersborg. Det hela f\u00f6revigades genom inspelning av allt material, [&hellip;]<\/p>\n","protected":false},"author":15,"featured_media":0,"comment_status":"open","ping_status":"open","sticky":false,"template":"","format":"standard","meta":{"footnotes":"","_links_to":"","_links_to_target":""},"categories":[1],"tags":[],"class_list":["post-3882","post","type-post","status-publish","format-standard","hentry","category-musik"],"_links":{"self":[{"href":"http:\/\/blogg.varldenidag.se\/musik\/wp-json\/wp\/v2\/posts\/3882","targetHints":{"allow":["GET"]}}],"collection":[{"href":"http:\/\/blogg.varldenidag.se\/musik\/wp-json\/wp\/v2\/posts"}],"about":[{"href":"http:\/\/blogg.varldenidag.se\/musik\/wp-json\/wp\/v2\/types\/post"}],"author":[{"embeddable":true,"href":"http:\/\/blogg.varldenidag.se\/musik\/wp-json\/wp\/v2\/users\/15"}],"replies":[{"embeddable":true,"href":"http:\/\/blogg.varldenidag.se\/musik\/wp-json\/wp\/v2\/comments?post=3882"}],"version-history":[{"count":5,"href":"http:\/\/blogg.varldenidag.se\/musik\/wp-json\/wp\/v2\/posts\/3882\/revisions"}],"predecessor-version":[{"id":3899,"href":"http:\/\/blogg.varldenidag.se\/musik\/wp-json\/wp\/v2\/posts\/3882\/revisions\/3899"}],"wp:attachment":[{"href":"http:\/\/blogg.varldenidag.se\/musik\/wp-json\/wp\/v2\/media?parent=3882"}],"wp:term":[{"taxonomy":"category","embeddable":true,"href":"http:\/\/blogg.varldenidag.se\/musik\/wp-json\/wp\/v2\/categories?post=3882"},{"taxonomy":"post_tag","embeddable":true,"href":"http:\/\/blogg.varldenidag.se\/musik\/wp-json\/wp\/v2\/tags?post=3882"}],"curies":[{"name":"wp","href":"https:\/\/api.w.org\/{rel}","templated":true}]}}