{"id":3880,"date":"2018-11-06T00:13:48","date_gmt":"2018-11-05T23:13:48","guid":{"rendered":"http:\/\/blogg.varldenidag.se\/musik\/?p=3880"},"modified":"2018-11-04T14:54:47","modified_gmt":"2018-11-04T13:54:47","slug":"snygg-remix-fran-schnoor","status":"publish","type":"post","link":"http:\/\/blogg.varldenidag.se\/musik\/snygg-remix-fran-schnoor\/","title":{"rendered":"Snygg remix fr\u00e5n Schnoor"},"content":{"rendered":"<p><strong>Heather Schnoor\u00a0<\/strong>flyttade till musikens huvudstad Nashville efter operastudier f\u00f6r att satsa p\u00e5 en karri\u00e4r inom countrymusiken \u2013 men ist\u00e4llet kom ett bes\u00f6k p\u00e5 Haiti att f\u00f6ra henne in p\u00e5 den kristna musiken. Med hj\u00e4lp av producenten och l\u00e5tskrivaren\u00a0<strong>Jeff Pardo\u00a0<\/strong>\u2013 som jobbat med bland andra\u00a0<strong>Francesca Battistelli\u00a0<\/strong>och\u00a0<strong>Rhett Walker Band \u2013<\/strong> har hon kn\u00e5pat ihop EP:n\u00a0<em>&#8221;All In&#8221;.\u00a0<\/em><\/p>\n<p>P\u00e5 EP:n f\u00e5r titelsp\u00e5ret \u00e4ven en sk\u00f6n remix som vi gillar skarpt. En radiov\u00e4nlig hitl\u00e5t som \u00e4r l\u00e4tt att fastna f\u00f6r och l\u00e4tt att gilla!<\/p>\n<p><strong>Spotify-l\u00e4nk:\u00a0<\/strong><a href=\"https:\/\/open.spotify.com\/track\/43S4LXQySI1N2Zmnkdzh6j?si=ALxWOjCyTzu0ooO9x6gSmQ\">https:\/\/open.spotify.com\/track\/43S4LXQySI1N2Zmnkdzh6j?si=ALxWOjCyTzu0ooO9x6gSmQ<\/a><\/p>\n<p><a href=\"https:\/\/glowingvibe.files.wordpress.com\/2018\/10\/hsallinfinalep-300x300.jpg\"><img loading=\"lazy\" decoding=\"async\" class=\"size-full wp-image-3280 aligncenter\" src=\"https:\/\/glowingvibe.files.wordpress.com\/2018\/10\/hsallinfinalep-300x300.jpg\" alt=\"\" width=\"300\" height=\"300\" \/><\/a><\/p>\n","protected":false},"excerpt":{"rendered":"<p>Heather Schnoor\u00a0flyttade till musikens huvudstad Nashville efter operastudier f\u00f6r att satsa p\u00e5 en karri\u00e4r inom countrymusiken \u2013 men ist\u00e4llet kom ett bes\u00f6k p\u00e5 Haiti att f\u00f6ra henne [&hellip;]<\/p>\n","protected":false},"author":15,"featured_media":0,"comment_status":"open","ping_status":"open","sticky":false,"template":"","format":"standard","meta":{"footnotes":"","_links_to":"","_links_to_target":""},"categories":[1],"tags":[],"class_list":["post-3880","post","type-post","status-publish","format-standard","hentry","category-musik"],"_links":{"self":[{"href":"http:\/\/blogg.varldenidag.se\/musik\/wp-json\/wp\/v2\/posts\/3880","targetHints":{"allow":["GET"]}}],"collection":[{"href":"http:\/\/blogg.varldenidag.se\/musik\/wp-json\/wp\/v2\/posts"}],"about":[{"href":"http:\/\/blogg.varldenidag.se\/musik\/wp-json\/wp\/v2\/types\/post"}],"author":[{"embeddable":true,"href":"http:\/\/blogg.varldenidag.se\/musik\/wp-json\/wp\/v2\/users\/15"}],"replies":[{"embeddable":true,"href":"http:\/\/blogg.varldenidag.se\/musik\/wp-json\/wp\/v2\/comments?post=3880"}],"version-history":[{"count":4,"href":"http:\/\/blogg.varldenidag.se\/musik\/wp-json\/wp\/v2\/posts\/3880\/revisions"}],"predecessor-version":[{"id":3890,"href":"http:\/\/blogg.varldenidag.se\/musik\/wp-json\/wp\/v2\/posts\/3880\/revisions\/3890"}],"wp:attachment":[{"href":"http:\/\/blogg.varldenidag.se\/musik\/wp-json\/wp\/v2\/media?parent=3880"}],"wp:term":[{"taxonomy":"category","embeddable":true,"href":"http:\/\/blogg.varldenidag.se\/musik\/wp-json\/wp\/v2\/categories?post=3880"},{"taxonomy":"post_tag","embeddable":true,"href":"http:\/\/blogg.varldenidag.se\/musik\/wp-json\/wp\/v2\/tags?post=3880"}],"curies":[{"name":"wp","href":"https:\/\/api.w.org\/{rel}","templated":true}]}}