{"id":3878,"date":"2018-11-04T00:57:48","date_gmt":"2018-11-03T23:57:48","guid":{"rendered":"http:\/\/blogg.varldenidag.se\/musik\/?p=3878"},"modified":"2018-11-04T14:54:02","modified_gmt":"2018-11-04T13:54:02","slug":"ny-fantastisk-skiva-fran-iron-bell-music","status":"publish","type":"post","link":"http:\/\/blogg.varldenidag.se\/musik\/ny-fantastisk-skiva-fran-iron-bell-music\/","title":{"rendered":"Ny fantastisk skiva fr\u00e5n Iron Bell Music"},"content":{"rendered":"<p>2009 f\u00f6ddes Iron Bell Ministries i Louisville, USA, som en liten sammankomst, men har sedan dess vuxit sig l\u00e5ngt mycket st\u00f6rre. Som en del i kyrkans arbete f\u00f6ddes gruppen\u00a0<strong>Iron Bell Music,\u00a0<\/strong>format kring de tre multimusikerna och l\u00e5tskrivarna Josh Glauber, Joel Gerdis och Stephen McWhirter.<\/p>\n<p>Redan 2016 uppt\u00e4ckte m\u00e5nga gruppen genom deras vackra och starka lovs\u00e5ng <em>&#8221;God That Saves&#8221;,\u00a0<\/em>som f\u00f6ljdes upp av ett album med samma namn under f\u00f6rra \u00e5ret. Nu \u00e4r en helt ny skiva h\u00e4r &#8211;\u00a0<em>&#8221;Glory To Glory&#8221;,\u00a0<\/em>och \u00e4nnu en g\u00e5ng har trion lyckats kn\u00e5pa ihop ett knippe riktigt starka lovs\u00e5nger.<\/p>\n<p>Liveinspelat och med starka s\u00e5nginsatser &#8211; lite som\u00a0<strong>Zach Williams\u00a0<\/strong>i lovs\u00e5ngsform &#8211; bjuder de p\u00e5 nya stora verk som\u00a0<em>&#8221;Glory To Glory&#8221;\u00a0<\/em>och\u00a0<em>&#8221;Jealous For My Heart&#8221;.\u00a0<\/em>Har du inte uppt\u00e4ckt\u00a0<strong>Iron Bell Music\u00a0<\/strong>tidigare s\u00e5 \u00e4r det h\u00f6g tid nu! H\u00e4r finns m\u00e5nga riktigt bra nya lovs\u00e5nger att h\u00e4mta.<\/p>\n<p><strong>Spotify-l\u00e4nk:\u00a0<\/strong><a href=\"https:\/\/open.spotify.com\/track\/0SfGXg7vZmt5OGxET9lhRw?si=delIP5AUTNqMGVx_WvMMRQ\">https:\/\/open.spotify.com\/track\/0SfGXg7vZmt5OGxET9lhRw?si=delIP5AUTNqMGVx_WvMMRQ<\/a><\/p>\n<p><strong>Youtube-l\u00e4nk:\u00a0<\/strong><a href=\"https:\/\/www.youtube.com\/watch?v=3Rg1PgNGQXE\">https:\/\/www.youtube.com\/watch?v=3Rg1PgNGQXE<\/a><\/p>\n<p><a href=\"https:\/\/glowingvibe.files.wordpress.com\/2018\/10\/ironbell-2018-cd-400x400.jpg\"><img loading=\"lazy\" decoding=\"async\" class=\"size-medium wp-image-3277 aligncenter\" src=\"https:\/\/glowingvibe.files.wordpress.com\/2018\/10\/ironbell-2018-cd-400x400.jpg?w=300\" alt=\"\" width=\"300\" height=\"300\" \/><\/a><\/p>\n","protected":false},"excerpt":{"rendered":"<p>2009 f\u00f6ddes Iron Bell Ministries i Louisville, USA, som en liten sammankomst, men har sedan dess vuxit sig l\u00e5ngt mycket st\u00f6rre. Som en del i kyrkans arbete [&hellip;]<\/p>\n","protected":false},"author":15,"featured_media":0,"comment_status":"open","ping_status":"open","sticky":false,"template":"","format":"standard","meta":{"footnotes":"","_links_to":"","_links_to_target":""},"categories":[1],"tags":[],"class_list":["post-3878","post","type-post","status-publish","format-standard","hentry","category-musik"],"_links":{"self":[{"href":"http:\/\/blogg.varldenidag.se\/musik\/wp-json\/wp\/v2\/posts\/3878","targetHints":{"allow":["GET"]}}],"collection":[{"href":"http:\/\/blogg.varldenidag.se\/musik\/wp-json\/wp\/v2\/posts"}],"about":[{"href":"http:\/\/blogg.varldenidag.se\/musik\/wp-json\/wp\/v2\/types\/post"}],"author":[{"embeddable":true,"href":"http:\/\/blogg.varldenidag.se\/musik\/wp-json\/wp\/v2\/users\/15"}],"replies":[{"embeddable":true,"href":"http:\/\/blogg.varldenidag.se\/musik\/wp-json\/wp\/v2\/comments?post=3878"}],"version-history":[{"count":2,"href":"http:\/\/blogg.varldenidag.se\/musik\/wp-json\/wp\/v2\/posts\/3878\/revisions"}],"predecessor-version":[{"id":3886,"href":"http:\/\/blogg.varldenidag.se\/musik\/wp-json\/wp\/v2\/posts\/3878\/revisions\/3886"}],"wp:attachment":[{"href":"http:\/\/blogg.varldenidag.se\/musik\/wp-json\/wp\/v2\/media?parent=3878"}],"wp:term":[{"taxonomy":"category","embeddable":true,"href":"http:\/\/blogg.varldenidag.se\/musik\/wp-json\/wp\/v2\/categories?post=3878"},{"taxonomy":"post_tag","embeddable":true,"href":"http:\/\/blogg.varldenidag.se\/musik\/wp-json\/wp\/v2\/tags?post=3878"}],"curies":[{"name":"wp","href":"https:\/\/api.w.org\/{rel}","templated":true}]}}