{"id":3872,"date":"2018-10-29T00:01:56","date_gmt":"2018-10-28T23:01:56","guid":{"rendered":"http:\/\/blogg.varldenidag.se\/musik\/?p=3872"},"modified":"2018-11-04T14:55:45","modified_gmt":"2018-11-04T13:55:45","slug":"switchfoot-tillbaka-for-sista-gangen","status":"publish","type":"post","link":"http:\/\/blogg.varldenidag.se\/musik\/switchfoot-tillbaka-for-sista-gangen\/","title":{"rendered":"Switchfoot tillbaka &#8211; f\u00f6r sista g\u00e5ngen?"},"content":{"rendered":"<p>San Diego-rockarna\u00a0<strong>Switchfoot\u00a0<\/strong>gjorde 2018 till ett sabbats\u00e5r f\u00f6r att spendera mer tid med familjen. Men saker och ting f\u00f6r\u00e4ndras &#8211; och trots att \u00e5ret inte ens passerat har bandet redan brutit sin viloperiod f\u00f6r att ist\u00e4llet sl\u00e4ppa helt nytt material.<\/p>\n<p>Redan n\u00e4r bandet sl\u00e4ppte grymma skivan\u00a0<em>&#8221;Fading West&#8221;\u00a0<\/em>(och tillh\u00f6rande mycket sev\u00e4rda dokument\u00e4ren med samma namn) 2013 ryktades det att skivan skulle bli bandets sista, och ryktena blev \u00e4nnu starkare n\u00e4r skiva nummer tio &#8211;\u00a0<em>&#8221;Where The Light Shines Through&#8221;\u00a0<\/em>&#8211; sl\u00e4pptes 2016. Men\u00a0<strong>Switchfoot\u00a0<\/strong>ska man nog aldrig r\u00e4kna bort, f\u00f6r nu har bandet redan avsl\u00f6jat att skiva nummer 11 \u00e4r p\u00e5 g\u00e5ng. En skiva som de sj\u00e4lva utlovar ska inneh\u00e5lla allt fr\u00e5n gitarrsolon till samarbete med <strong>OneRepublics <\/strong>s\u00e5ngare <strong>Ryan Tedder\u00a0<\/strong>och produktion av\u00a0<strong>Needtobreathe<\/strong>-s\u00e5ngaren <strong>Bear<\/strong>\u00a0<strong>Rinehart.<\/strong><\/p>\n<p>Ett f\u00f6rsta smakprov fr\u00e5n skivan \u00e4r sl\u00e4ppt i form av singeln <em>&#8221;Native Tounge&#8221; &#8211; <\/em>en lekfull, lite experimentell l\u00e5t som v\u00e4xer. Det b\u00e5dar gott inf\u00f6r skiva nummer 11. Om detta blir bandets sista skiva l\u00e5ter jag vara osagt &#8211; men konstaterar att bandet sj\u00e4lva sagt att &#8221;om vi hade ett till album kvar i v\u00e5r katalog att g\u00f6ra, s\u00e5 ville vi att det skulle vara det h\u00e4r&#8221;.<\/p>\n<p><strong>Spotify-l\u00e4nk:\u00a0<\/strong><a href=\"https:\/\/open.spotify.com\/track\/1Xo9tkuBde67pqoFs05QR0?si=u4g4yBcKTDqRfWUtQHw5mQ\">https:\/\/open.spotify.com\/track\/1Xo9tkuBde67pqoFs05QR0?si=u4g4yBcKTDqRfWUtQHw5mQ<\/a><\/p>\n<p><strong>Youtube-l\u00e4nk:\u00a0<\/strong><a href=\"https:\/\/www.youtube.com\/watch?v=a3k6BLu_q4k\">https:\/\/www.youtube.com\/watch?v=a3k6BLu_q4k<\/a><\/p>\n<p><a href=\"https:\/\/glowingvibe.files.wordpress.com\/2018\/10\/switchfootnative.jpg\"><img loading=\"lazy\" decoding=\"async\" class=\"size-medium wp-image-3266 aligncenter\" src=\"https:\/\/glowingvibe.files.wordpress.com\/2018\/10\/switchfootnative.jpg?w=300\" alt=\"\" width=\"300\" height=\"300\" \/><\/a><\/p>\n","protected":false},"excerpt":{"rendered":"<p>San Diego-rockarna\u00a0Switchfoot\u00a0gjorde 2018 till ett sabbats\u00e5r f\u00f6r att spendera mer tid med familjen. Men saker och ting f\u00f6r\u00e4ndras &#8211; och trots att \u00e5ret inte ens passerat har [&hellip;]<\/p>\n","protected":false},"author":15,"featured_media":0,"comment_status":"open","ping_status":"open","sticky":false,"template":"","format":"standard","meta":{"footnotes":"","_links_to":"","_links_to_target":""},"categories":[1],"tags":[],"class_list":["post-3872","post","type-post","status-publish","format-standard","hentry","category-musik"],"_links":{"self":[{"href":"http:\/\/blogg.varldenidag.se\/musik\/wp-json\/wp\/v2\/posts\/3872","targetHints":{"allow":["GET"]}}],"collection":[{"href":"http:\/\/blogg.varldenidag.se\/musik\/wp-json\/wp\/v2\/posts"}],"about":[{"href":"http:\/\/blogg.varldenidag.se\/musik\/wp-json\/wp\/v2\/types\/post"}],"author":[{"embeddable":true,"href":"http:\/\/blogg.varldenidag.se\/musik\/wp-json\/wp\/v2\/users\/15"}],"replies":[{"embeddable":true,"href":"http:\/\/blogg.varldenidag.se\/musik\/wp-json\/wp\/v2\/comments?post=3872"}],"version-history":[{"count":2,"href":"http:\/\/blogg.varldenidag.se\/musik\/wp-json\/wp\/v2\/posts\/3872\/revisions"}],"predecessor-version":[{"id":3893,"href":"http:\/\/blogg.varldenidag.se\/musik\/wp-json\/wp\/v2\/posts\/3872\/revisions\/3893"}],"wp:attachment":[{"href":"http:\/\/blogg.varldenidag.se\/musik\/wp-json\/wp\/v2\/media?parent=3872"}],"wp:term":[{"taxonomy":"category","embeddable":true,"href":"http:\/\/blogg.varldenidag.se\/musik\/wp-json\/wp\/v2\/categories?post=3872"},{"taxonomy":"post_tag","embeddable":true,"href":"http:\/\/blogg.varldenidag.se\/musik\/wp-json\/wp\/v2\/tags?post=3872"}],"curies":[{"name":"wp","href":"https:\/\/api.w.org\/{rel}","templated":true}]}}