{"id":3868,"date":"2018-10-15T20:52:47","date_gmt":"2018-10-15T18:52:47","guid":{"rendered":"http:\/\/blogg.varldenidag.se\/musik\/?p=3868"},"modified":"2018-11-04T14:57:41","modified_gmt":"2018-11-04T13:57:41","slug":"gniste-antligen-tillbaka-med-nytt","status":"publish","type":"post","link":"http:\/\/blogg.varldenidag.se\/musik\/gniste-antligen-tillbaka-med-nytt\/","title":{"rendered":"Gniste \u00e4ntligen tillbaka med nytt"},"content":{"rendered":"<p>Det \u00e4r sv\u00e5rt att s\u00e4ga annat \u00e4n att\u00a0<strong>Josefina Gnistes\u00a0<\/strong>nya singel\u00a0<em>&#8221;Frihet har ett namn&#8221;\u00a0<\/em>\u00e4r efterl\u00e4ngtad. 2016 kom n\u00e4mligen hennes f\u00f6rsta skiva,\u00a0<em>&#8221;M\u00f6t oss h\u00e4r&#8221;,\u00a0<\/em>som blev en stors\u00e4ljare och en mycket uppskattad skiva med fantastiska lovs\u00e5nger &#8211; b\u00e5de nyskrivet och ny\u00f6versatt &#8211; som\u00a0<em>&#8221;Din trofasthet&#8221;,\u00a0<\/em>&#8221;Str\u00e4cker upp v\u00e5ra h\u00e4nder&#8221; och <em>&#8221;Brustna k\u00e4rl (O\u00e4ndlig n\u00e5d)&#8221;.<\/em><\/p>\n<p>Men nu \u00e4r ett helt nytt album p\u00e5 g\u00e5ng, och f\u00f6r alla som l\u00e4ngtar efter ny svensk lovs\u00e5ng s\u00e5 \u00e4r det 9 november som g\u00e4ller. Men redan nu har hon gett oss f\u00f6rsta smakprovet i form av\u00a0<em>&#8221;Frihet har ett namn&#8221;,\u00a0<\/em>en nyskriven s\u00e5ng som hon skapat tillsammans med\u00a0<b>Johan \u00c5sg\u00e4rde<\/b> och <strong>Tommy Iceland.<\/strong> Och det l\u00e5ter &#8211; som f\u00f6rv\u00e4ntat &#8211; riktigt, riktigt bra \u00e4ven denna g\u00e5ng.\u00a0<strong>Gniste\u00a0<\/strong>har n\u00e5got extra, en unik f\u00f6rm\u00e5ga att b\u00e5de skriva nytt, \u00f6vers\u00e4tta och lovsjunga, n\u00e5got som redan f\u00f6rsta skivan skvallrade om. Tro oss &#8211; vi v\u00e5gar lova redan nu att det h\u00e4r kommer bli en av h\u00f6stens allra b\u00e4sta albumsl\u00e4pp. Lyssna in <em>&#8221;Frihet har ett namn&#8221; <\/em>s\u00e5 f\u00f6rst\u00e5r du varf\u00f6r!<\/p>\n<p><strong>Spotify-l\u00e4nk:<\/strong> <a href=\"https:\/\/open.spotify.com\/track\/24djZFyf8uB6QrO5Au6ya7?si=YI9l5FNRQ9qjQ2IfHVE4YA\">https:\/\/open.spotify.com\/track\/24djZFyf8uB6QrO5Au6ya7?si=YI9l5FNRQ9qjQ2IfHVE4YA<\/a><\/p>\n<p><strong><a href=\"https:\/\/glowingvibe.files.wordpress.com\/2018\/10\/frihet-har-ett-namn-josefina-gniste.jpg\"><img loading=\"lazy\" decoding=\"async\" class=\"size-medium wp-image-3263 aligncenter\" src=\"https:\/\/glowingvibe.files.wordpress.com\/2018\/10\/frihet-har-ett-namn-josefina-gniste.jpg?w=300\" alt=\"\" width=\"300\" height=\"300\" \/><\/a><\/strong><\/p>\n","protected":false},"excerpt":{"rendered":"<p>Det \u00e4r sv\u00e5rt att s\u00e4ga annat \u00e4n att\u00a0Josefina Gnistes\u00a0nya singel\u00a0&#8221;Frihet har ett namn&#8221;\u00a0\u00e4r efterl\u00e4ngtad. 2016 kom n\u00e4mligen hennes f\u00f6rsta skiva,\u00a0&#8221;M\u00f6t oss h\u00e4r&#8221;,\u00a0som blev en stors\u00e4ljare och en [&hellip;]<\/p>\n","protected":false},"author":15,"featured_media":0,"comment_status":"open","ping_status":"open","sticky":false,"template":"","format":"standard","meta":{"footnotes":"","_links_to":"","_links_to_target":""},"categories":[1],"tags":[],"class_list":["post-3868","post","type-post","status-publish","format-standard","hentry","category-musik"],"_links":{"self":[{"href":"http:\/\/blogg.varldenidag.se\/musik\/wp-json\/wp\/v2\/posts\/3868","targetHints":{"allow":["GET"]}}],"collection":[{"href":"http:\/\/blogg.varldenidag.se\/musik\/wp-json\/wp\/v2\/posts"}],"about":[{"href":"http:\/\/blogg.varldenidag.se\/musik\/wp-json\/wp\/v2\/types\/post"}],"author":[{"embeddable":true,"href":"http:\/\/blogg.varldenidag.se\/musik\/wp-json\/wp\/v2\/users\/15"}],"replies":[{"embeddable":true,"href":"http:\/\/blogg.varldenidag.se\/musik\/wp-json\/wp\/v2\/comments?post=3868"}],"version-history":[{"count":3,"href":"http:\/\/blogg.varldenidag.se\/musik\/wp-json\/wp\/v2\/posts\/3868\/revisions"}],"predecessor-version":[{"id":3896,"href":"http:\/\/blogg.varldenidag.se\/musik\/wp-json\/wp\/v2\/posts\/3868\/revisions\/3896"}],"wp:attachment":[{"href":"http:\/\/blogg.varldenidag.se\/musik\/wp-json\/wp\/v2\/media?parent=3868"}],"wp:term":[{"taxonomy":"category","embeddable":true,"href":"http:\/\/blogg.varldenidag.se\/musik\/wp-json\/wp\/v2\/categories?post=3868"},{"taxonomy":"post_tag","embeddable":true,"href":"http:\/\/blogg.varldenidag.se\/musik\/wp-json\/wp\/v2\/tags?post=3868"}],"curies":[{"name":"wp","href":"https:\/\/api.w.org\/{rel}","templated":true}]}}