{"id":3854,"date":"2018-10-13T00:30:19","date_gmt":"2018-10-12T22:30:19","guid":{"rendered":"http:\/\/blogg.varldenidag.se\/musik\/?p=3854"},"modified":"2018-10-09T21:31:25","modified_gmt":"2018-10-09T19:31:25","slug":"firar-jubileum-med-ep-slapp","status":"publish","type":"post","link":"http:\/\/blogg.varldenidag.se\/musik\/firar-jubileum-med-ep-slapp\/","title":{"rendered":"Firar jubileum med EP-sl\u00e4pp"},"content":{"rendered":"<p>21 k\u00f6rmedlemmar, ett tight band och l\u00e5tskrivare som Samuel Ljungblahd och Evelina Gard. Resultatet? Fem fr\u00e4scha gospell\u00e5tar, direkt fr\u00e5n Stockholm.<\/p>\n<p>N\u00e4r The Masters Voice firar 30-\u00e5rsjubileum g\u00f6r dom det n\u00e4mligen genom att &#8211; f\u00f6r f\u00f6rsta g\u00e5ngen p\u00e5 drygt tio \u00e5r &#8211; sl\u00e4ppa nyskriven musik. Resultatet \u00e4r EP:n &#8221;Be Bright&#8221; med fem heta l\u00e5tar i absolut b\u00e4sta gospelsnitt. Sv\u00e4ngigt och proffsigt rakt igenom &#8211; ett m\u00e5ste f\u00f6r alla gospel\u00e4lskare!<\/p>\n<p>Spotifyl\u00e4nk: <a href=\"https:\/\/open.spotify.com\/track\/7KrZTo7ZDnpsxsOrIAnCbR?si=e3WA_X4JRm-N4dJzcpRYTw\">https:\/\/open.spotify.com\/track\/7KrZTo7ZDnpsxsOrIAnCbR?si=e3WA_X4JRm-N4dJzcpRYTw<\/a><\/p>\n<p><a href=\"https:\/\/glowingvibe.files.wordpress.com\/2018\/10\/5782208845982354728_1537780109348_w500.jpg\"><img loading=\"lazy\" decoding=\"async\" class=\"size-medium wp-image-3240 aligncenter\" src=\"https:\/\/glowingvibe.files.wordpress.com\/2018\/10\/5782208845982354728_1537780109348_w500.jpg?w=300\" alt=\"\" width=\"300\" height=\"300\" \/><\/a><\/p>\n","protected":false},"excerpt":{"rendered":"<p>21 k\u00f6rmedlemmar, ett tight band och l\u00e5tskrivare som Samuel Ljungblahd och Evelina Gard. Resultatet? Fem fr\u00e4scha gospell\u00e5tar, direkt fr\u00e5n Stockholm. N\u00e4r The Masters Voice firar 30-\u00e5rsjubileum g\u00f6r [&hellip;]<\/p>\n","protected":false},"author":15,"featured_media":0,"comment_status":"open","ping_status":"open","sticky":false,"template":"","format":"standard","meta":{"footnotes":"","_links_to":"","_links_to_target":""},"categories":[1],"tags":[],"class_list":["post-3854","post","type-post","status-publish","format-standard","hentry","category-musik"],"_links":{"self":[{"href":"http:\/\/blogg.varldenidag.se\/musik\/wp-json\/wp\/v2\/posts\/3854","targetHints":{"allow":["GET"]}}],"collection":[{"href":"http:\/\/blogg.varldenidag.se\/musik\/wp-json\/wp\/v2\/posts"}],"about":[{"href":"http:\/\/blogg.varldenidag.se\/musik\/wp-json\/wp\/v2\/types\/post"}],"author":[{"embeddable":true,"href":"http:\/\/blogg.varldenidag.se\/musik\/wp-json\/wp\/v2\/users\/15"}],"replies":[{"embeddable":true,"href":"http:\/\/blogg.varldenidag.se\/musik\/wp-json\/wp\/v2\/comments?post=3854"}],"version-history":[{"count":1,"href":"http:\/\/blogg.varldenidag.se\/musik\/wp-json\/wp\/v2\/posts\/3854\/revisions"}],"predecessor-version":[{"id":3855,"href":"http:\/\/blogg.varldenidag.se\/musik\/wp-json\/wp\/v2\/posts\/3854\/revisions\/3855"}],"wp:attachment":[{"href":"http:\/\/blogg.varldenidag.se\/musik\/wp-json\/wp\/v2\/media?parent=3854"}],"wp:term":[{"taxonomy":"category","embeddable":true,"href":"http:\/\/blogg.varldenidag.se\/musik\/wp-json\/wp\/v2\/categories?post=3854"},{"taxonomy":"post_tag","embeddable":true,"href":"http:\/\/blogg.varldenidag.se\/musik\/wp-json\/wp\/v2\/tags?post=3854"}],"curies":[{"name":"wp","href":"https:\/\/api.w.org\/{rel}","templated":true}]}}