{"id":3848,"date":"2018-10-09T21:12:09","date_gmt":"2018-10-09T19:12:09","guid":{"rendered":"http:\/\/blogg.varldenidag.se\/musik\/?p=3848"},"modified":"2018-10-09T21:12:09","modified_gmt":"2018-10-09T19:12:09","slug":"ratalangen-briljerar","status":"publish","type":"post","link":"http:\/\/blogg.varldenidag.se\/musik\/ratalangen-briljerar\/","title":{"rendered":"R\u00e5talangen briljerar"},"content":{"rendered":"<p>R\u00e5talangen briljerar<\/p>\n<p>Los Angeles-gruppen Urban Rescue har gjort sig k\u00e4nda f\u00f6r musikaliska m\u00e4sterverk som &#8221;Song Of My Father&#8221;, dansanta &#8221;The Reason&#8221; och briljanta balladen &#8221;Provider&#8221;, bara f\u00f6r att n\u00e4mna n\u00e5gra. Men nu provar bandets frontman Jordan Frye \u00e4ven att st\u00e5 p\u00e5 egna ben &#8211; vilket visar sig g\u00e5 precis hur bra som helst.<\/p>\n<p>Jordan s\u00e4gs vara en h\u00f6gproduktiv l\u00e5tskrivare som skriver en l\u00e5t om dagen (!), och l\u00e5tarna har str\u00f6mmat ut \u00e4ven p\u00e5 streamingtj\u00e4nsterna under \u00e5ret. Det som \u00e4r allra mest sl\u00e5ende \u00e4r vilken enorm kvalit\u00e9 han har p\u00e5 sina l\u00e5tar &#8211; f\u00f6r det h\u00e4r \u00e4r inga dussinl\u00e5tar. Oavsett om han bjuder p\u00e5 pop-tropicalhouse-hybrid i form av &#8221;Sticks &amp; Stones&#8221;, magisk s\u00e5nginsats i balladen &#8221;Cold&#8221; eller p\u00e5 maffigt orgelsound i Imagine Dragons-m\u00f6ter-Coldplay-doftande &#8221;Skyrockets&#8221;. Sm\u00e5tt fantastiskt rakt igenom &#8211; lyssna sj\u00e4lv s\u00e5 \u00e4r risken stor att du f\u00e5r en ny favorit&#8230;<\/p>\n<p><strong>Spotify-l\u00e4nk<\/strong>: <a href=\"https:\/\/open.spotify.com\/album\/6g82f3NWiqA2wDvvhuQucu?si=U4t8lMAyRl-dDKnD9vfyzA\">https:\/\/open.spotify.com\/album\/6g82f3NWiqA2wDvvhuQucu?si=U4t8lMAyRl-dDKnD9vfyzA<\/a><\/p>\n<p><strong>Youtube-l\u00e4nk:\u00a0<\/strong><a href=\"https:\/\/www.youtube.com\/watch?v=VdaME3Jc4r4\">https:\/\/www.youtube.com\/watch?v=VdaME3Jc4r4<\/a><\/p>\n<p><a href=\"https:\/\/glowingvibe.files.wordpress.com\/2018\/10\/b6987cf327d77b688500ed2265f86c7e-1000x1000x1.jpg\"><img loading=\"lazy\" decoding=\"async\" class=\"size-medium wp-image-3231 aligncenter\" src=\"https:\/\/glowingvibe.files.wordpress.com\/2018\/10\/b6987cf327d77b688500ed2265f86c7e-1000x1000x1.jpg?w=300\" alt=\"\" width=\"300\" height=\"300\" \/><\/a><\/p>\n","protected":false},"excerpt":{"rendered":"<p>R\u00e5talangen briljerar Los Angeles-gruppen Urban Rescue har gjort sig k\u00e4nda f\u00f6r musikaliska m\u00e4sterverk som &#8221;Song Of My Father&#8221;, dansanta &#8221;The Reason&#8221; och briljanta balladen &#8221;Provider&#8221;, bara f\u00f6r [&hellip;]<\/p>\n","protected":false},"author":15,"featured_media":0,"comment_status":"open","ping_status":"open","sticky":false,"template":"","format":"standard","meta":{"footnotes":"","_links_to":"","_links_to_target":""},"categories":[1],"tags":[],"class_list":["post-3848","post","type-post","status-publish","format-standard","hentry","category-musik"],"_links":{"self":[{"href":"http:\/\/blogg.varldenidag.se\/musik\/wp-json\/wp\/v2\/posts\/3848","targetHints":{"allow":["GET"]}}],"collection":[{"href":"http:\/\/blogg.varldenidag.se\/musik\/wp-json\/wp\/v2\/posts"}],"about":[{"href":"http:\/\/blogg.varldenidag.se\/musik\/wp-json\/wp\/v2\/types\/post"}],"author":[{"embeddable":true,"href":"http:\/\/blogg.varldenidag.se\/musik\/wp-json\/wp\/v2\/users\/15"}],"replies":[{"embeddable":true,"href":"http:\/\/blogg.varldenidag.se\/musik\/wp-json\/wp\/v2\/comments?post=3848"}],"version-history":[{"count":1,"href":"http:\/\/blogg.varldenidag.se\/musik\/wp-json\/wp\/v2\/posts\/3848\/revisions"}],"predecessor-version":[{"id":3849,"href":"http:\/\/blogg.varldenidag.se\/musik\/wp-json\/wp\/v2\/posts\/3848\/revisions\/3849"}],"wp:attachment":[{"href":"http:\/\/blogg.varldenidag.se\/musik\/wp-json\/wp\/v2\/media?parent=3848"}],"wp:term":[{"taxonomy":"category","embeddable":true,"href":"http:\/\/blogg.varldenidag.se\/musik\/wp-json\/wp\/v2\/categories?post=3848"},{"taxonomy":"post_tag","embeddable":true,"href":"http:\/\/blogg.varldenidag.se\/musik\/wp-json\/wp\/v2\/tags?post=3848"}],"curies":[{"name":"wp","href":"https:\/\/api.w.org\/{rel}","templated":true}]}}