{"id":3750,"date":"2018-09-29T00:14:44","date_gmt":"2018-09-28T22:14:44","guid":{"rendered":"http:\/\/blogg.varldenidag.se\/musik\/?p=3750"},"modified":"2018-09-26T22:15:07","modified_gmt":"2018-09-26T20:15:07","slug":"nytt-starkt-album-fran-stakset","status":"publish","type":"post","link":"http:\/\/blogg.varldenidag.se\/musik\/nytt-starkt-album-fran-stakset\/","title":{"rendered":"Nytt starkt album fr\u00e5n Stakset"},"content":{"rendered":"<p>Att hans f\u00f6rra soloskiva streamats l\u00e5ngt \u00f6ver tio miljoner g\u00e5nger bara p\u00e5 Spotify s\u00e4ger en del om hur l\u00e5ngt\u00a0<strong>Sebastian Stakset\u00a0<\/strong>n\u00e5tt med sin musik. Med texter om hans destruktiva f\u00f6rflutna, hans uppr\u00e4ttelse genom Jesus och hans nya liv som troende har han f\u00e5tt m\u00e4nniskor \u00f6ver hela Sverige att lyssna.<\/p>\n<p>Nu &#8211; utan st\u00f6rre f\u00f6rvarning &#8211; har han sl\u00e4ppt sin andra soloskiva,\u00a0<em>&#8221;Genom vatten och eld&#8221;.<\/em> Skivan tar p\u00e5 n\u00e5got s\u00e4tt \u00f6ver stafettpinnen fr\u00e5n f\u00f6rsta skivan med starka texter och ett budskap som inte g\u00e5r att ducka f\u00f6r. L\u00e5tarna \u00e4r rakt p\u00e5, det \u00e4r inget hymlande eller omsvep. Hela tiden \u00e4r den r\u00f6da tr\u00e5den att man lyssnar, dras med, ber\u00f6rs.<\/p>\n<p><strong>Sebastian Stakset\u00a0<\/strong>\u00e4r en viktig artist &#8211; en artist som n\u00e5r l\u00e5ngt l\u00e4ngre \u00e4n m\u00e5nga andra inom den kristna sf\u00e4ren idag. Och hans budskap beh\u00f6vs nu mer \u00e4n n\u00e5gonsin, vilket han visar tydligt p\u00e5 nya skivan.<\/p>\n<p>En enda favorit \u00e4r sv\u00e5rt att plocka ut fr\u00e5n skivan &#8211; men vi v\u00e4ljer \u00e4nd\u00e5 denna sk\u00f6na\u00a0<em>&#8221;Under&#8221;,\u00a0<\/em>d\u00e4r \u00e4ven <strong>Hope<\/strong> finns med p\u00e5 ett h\u00f6rn.<\/p>\n<p><strong>Spotify-l\u00e4nk:\u00a0<\/strong>https:\/\/open.spotify.com\/track\/3roQ4IY4o5Bo3JQkD3NlS0?si=Bhi7V-FIQkSEYkf6nCTKig<\/p>\n<p><a href=\"https:\/\/glowingvibe.files.wordpress.com\/2018\/09\/genom_vatten_och_eld_digi-stakset_sebastian-44937255-frntl.jpg\"><img loading=\"lazy\" decoding=\"async\" class=\"size-medium wp-image-3205 aligncenter\" src=\"https:\/\/glowingvibe.files.wordpress.com\/2018\/09\/genom_vatten_och_eld_digi-stakset_sebastian-44937255-frntl.jpg?w=300\" alt=\"\" width=\"300\" height=\"300\" \/><\/a><\/p>\n<p>&nbsp;<\/p>\n","protected":false},"excerpt":{"rendered":"<p>Att hans f\u00f6rra soloskiva streamats l\u00e5ngt \u00f6ver tio miljoner g\u00e5nger bara p\u00e5 Spotify s\u00e4ger en del om hur l\u00e5ngt\u00a0Sebastian Stakset\u00a0n\u00e5tt med sin musik. Med texter om hans [&hellip;]<\/p>\n","protected":false},"author":15,"featured_media":0,"comment_status":"open","ping_status":"open","sticky":false,"template":"","format":"standard","meta":{"footnotes":"","_links_to":"","_links_to_target":""},"categories":[1],"tags":[],"class_list":["post-3750","post","type-post","status-publish","format-standard","hentry","category-musik"],"_links":{"self":[{"href":"http:\/\/blogg.varldenidag.se\/musik\/wp-json\/wp\/v2\/posts\/3750","targetHints":{"allow":["GET"]}}],"collection":[{"href":"http:\/\/blogg.varldenidag.se\/musik\/wp-json\/wp\/v2\/posts"}],"about":[{"href":"http:\/\/blogg.varldenidag.se\/musik\/wp-json\/wp\/v2\/types\/post"}],"author":[{"embeddable":true,"href":"http:\/\/blogg.varldenidag.se\/musik\/wp-json\/wp\/v2\/users\/15"}],"replies":[{"embeddable":true,"href":"http:\/\/blogg.varldenidag.se\/musik\/wp-json\/wp\/v2\/comments?post=3750"}],"version-history":[{"count":1,"href":"http:\/\/blogg.varldenidag.se\/musik\/wp-json\/wp\/v2\/posts\/3750\/revisions"}],"predecessor-version":[{"id":3751,"href":"http:\/\/blogg.varldenidag.se\/musik\/wp-json\/wp\/v2\/posts\/3750\/revisions\/3751"}],"wp:attachment":[{"href":"http:\/\/blogg.varldenidag.se\/musik\/wp-json\/wp\/v2\/media?parent=3750"}],"wp:term":[{"taxonomy":"category","embeddable":true,"href":"http:\/\/blogg.varldenidag.se\/musik\/wp-json\/wp\/v2\/categories?post=3750"},{"taxonomy":"post_tag","embeddable":true,"href":"http:\/\/blogg.varldenidag.se\/musik\/wp-json\/wp\/v2\/tags?post=3750"}],"curies":[{"name":"wp","href":"https:\/\/api.w.org\/{rel}","templated":true}]}}