{"id":3709,"date":"2018-09-26T00:31:56","date_gmt":"2018-09-25T22:31:56","guid":{"rendered":"http:\/\/blogg.varldenidag.se\/musik\/?p=3709"},"modified":"2018-09-10T22:32:14","modified_gmt":"2018-09-10T20:32:14","slug":"inspirerande-tankar-fran-paul-j-kim","status":"publish","type":"post","link":"http:\/\/blogg.varldenidag.se\/musik\/inspirerande-tankar-fran-paul-j-kim\/","title":{"rendered":"Inspirerande tankar fr\u00e5n Paul J Kim"},"content":{"rendered":"<p>Ibland kan det vara sk\u00f6nt att bryta musikfl\u00f6det och byta toner mot inspirerande tankar. Om du ocks\u00e5 gillar att bli inspirerad och matad med tankar, funderingar och inspiration ska du kasta ett \u00f6ga p\u00e5 multitalangen\u00a0<strong>Paul J Kim.<\/strong><\/p>\n<p>Det h\u00e4r \u00e4r en snubbe som kan sjunga lika bra som kan han beatboxa eller bjuda p\u00e5 st\u00e5uppkomik, men oavsett vad han tar sig f\u00f6r s\u00e5 har han Gud i fokus. Hans Spotify-profil \u00e4r fylld av b\u00e5de musik och humor, inte s\u00e4llan i sk\u00f6n f\u00f6rening, men ta framf\u00f6rallt en stund och lyssna in hans st\u00e5uppkomik d\u00e4r han bjuder p\u00e5 sin tankar om Gud, kyrkan och Bibeln &#8211; med en sk\u00f6n humoristisk tvist. T\u00e4nkv\u00e4rt, kul att lyssna p\u00e5 och inspirerande &#8211; ett bra s\u00e4tt att inspireras p\u00e5 ett lite annorlunda s\u00e4tt.<\/p>\n<p><strong>Spotify-l\u00e4nk:\u00a0<\/strong>https:\/\/open.spotify.com\/track\/3JpAi13pmgPff5eIQRzeWN?si=7-MYUx7JT2GRmBT31HMD_A<\/p>\n<p><a href=\"https:\/\/glowingvibe.files.wordpress.com\/2018\/09\/topic1.png\"><img loading=\"lazy\" decoding=\"async\" class=\"size-medium wp-image-3191 aligncenter\" src=\"https:\/\/glowingvibe.files.wordpress.com\/2018\/09\/topic1.png?w=300\" alt=\"\" width=\"300\" height=\"158\" \/><\/a><\/p>\n","protected":false},"excerpt":{"rendered":"<p>Ibland kan det vara sk\u00f6nt att bryta musikfl\u00f6det och byta toner mot inspirerande tankar. Om du ocks\u00e5 gillar att bli inspirerad och matad med tankar, funderingar och [&hellip;]<\/p>\n","protected":false},"author":15,"featured_media":0,"comment_status":"open","ping_status":"open","sticky":false,"template":"","format":"standard","meta":{"footnotes":"","_links_to":"","_links_to_target":""},"categories":[1],"tags":[],"class_list":["post-3709","post","type-post","status-publish","format-standard","hentry","category-musik"],"_links":{"self":[{"href":"http:\/\/blogg.varldenidag.se\/musik\/wp-json\/wp\/v2\/posts\/3709","targetHints":{"allow":["GET"]}}],"collection":[{"href":"http:\/\/blogg.varldenidag.se\/musik\/wp-json\/wp\/v2\/posts"}],"about":[{"href":"http:\/\/blogg.varldenidag.se\/musik\/wp-json\/wp\/v2\/types\/post"}],"author":[{"embeddable":true,"href":"http:\/\/blogg.varldenidag.se\/musik\/wp-json\/wp\/v2\/users\/15"}],"replies":[{"embeddable":true,"href":"http:\/\/blogg.varldenidag.se\/musik\/wp-json\/wp\/v2\/comments?post=3709"}],"version-history":[{"count":1,"href":"http:\/\/blogg.varldenidag.se\/musik\/wp-json\/wp\/v2\/posts\/3709\/revisions"}],"predecessor-version":[{"id":3710,"href":"http:\/\/blogg.varldenidag.se\/musik\/wp-json\/wp\/v2\/posts\/3709\/revisions\/3710"}],"wp:attachment":[{"href":"http:\/\/blogg.varldenidag.se\/musik\/wp-json\/wp\/v2\/media?parent=3709"}],"wp:term":[{"taxonomy":"category","embeddable":true,"href":"http:\/\/blogg.varldenidag.se\/musik\/wp-json\/wp\/v2\/categories?post=3709"},{"taxonomy":"post_tag","embeddable":true,"href":"http:\/\/blogg.varldenidag.se\/musik\/wp-json\/wp\/v2\/tags?post=3709"}],"curies":[{"name":"wp","href":"https:\/\/api.w.org\/{rel}","templated":true}]}}