{"id":3707,"date":"2018-09-24T00:25:49","date_gmt":"2018-09-23T22:25:49","guid":{"rendered":"http:\/\/blogg.varldenidag.se\/musik\/?p=3707"},"modified":"2018-09-10T22:26:20","modified_gmt":"2018-09-10T20:26:20","slug":"matthews-bjuder-pa-stark-lat","status":"publish","type":"post","link":"http:\/\/blogg.varldenidag.se\/musik\/matthews-bjuder-pa-stark-lat\/","title":{"rendered":"Matthews bjuder p\u00e5 stark l\u00e5t"},"content":{"rendered":"<p><strong>William Matthews\u00a0<\/strong>\u00e4r f\u00f6r en del k\u00e4nd som mannen bakom\u00a0<strong>Bethel Music-<\/strong>alstren\u00a0<em>&#8221;Glory To Glory&#8221;\u00a0<\/em>och\u00a0<em>&#8221;Shine On Us&#8221;.\u00a0<\/em>Men f\u00f6rutom sina samarbeten med\u00a0<strong>Bethel\u00a0<\/strong>har\u00a0<strong>Williams\u00a0<\/strong>ocks\u00e5 en pulserande solokarri\u00e4r i full rullning. I h\u00f6st kommer hans andra album, och det finns stor anledning att h\u00e5lla \u00f6gonen \u00f6ppna efter detta verk.<\/p>\n<p>Han har n\u00e4mligen sl\u00e4ppt smakprov fr\u00e5n skivan i form av\u00a0<em>&#8221;We&#8217;ll All Be Free&#8221;.\u00a0<\/em>En akustisk lugn popl\u00e5t som g\u00e5r \u00f6ver till en gospelfest och d\u00e4r \u00e4ven\u00a0<strong>Gungor\u00a0<\/strong>finns med p\u00e5 ett h\u00f6rn. Det h\u00e4r \u00e4r en l\u00e5t som v\u00e4xer och som v\u00e4rmer vilket hj\u00e4rta som helst som h\u00e5ller p\u00e5 att g\u00e5 in i h\u00f6stl\u00e4ge. Riktigt bra!<\/p>\n<p><strong>Spotify-l\u00e4nk:\u00a0<\/strong>https:\/\/open.spotify.com\/artist\/6xzvt1VigDuN3Qt39YozYA?si=qom-ZH_KQ1eUrhkX99YkwA<\/p>\n<p><a href=\"https:\/\/glowingvibe.files.wordpress.com\/2018\/09\/https___images-genius-com_b28e9dde210b1e477fb70dcc0ad37bd8-640x640x1.jpg\"><img loading=\"lazy\" decoding=\"async\" class=\"size-full wp-image-3186 aligncenter\" src=\"https:\/\/glowingvibe.files.wordpress.com\/2018\/09\/https___images-genius-com_b28e9dde210b1e477fb70dcc0ad37bd8-640x640x1.jpg\" alt=\"\" width=\"220\" height=\"220\" \/><\/a><\/p>\n","protected":false},"excerpt":{"rendered":"<p>William Matthews\u00a0\u00e4r f\u00f6r en del k\u00e4nd som mannen bakom\u00a0Bethel Music-alstren\u00a0&#8221;Glory To Glory&#8221;\u00a0och\u00a0&#8221;Shine On Us&#8221;.\u00a0Men f\u00f6rutom sina samarbeten med\u00a0Bethel\u00a0har\u00a0Williams\u00a0ocks\u00e5 en pulserande solokarri\u00e4r i full rullning. I h\u00f6st kommer [&hellip;]<\/p>\n","protected":false},"author":15,"featured_media":0,"comment_status":"open","ping_status":"open","sticky":false,"template":"","format":"standard","meta":{"footnotes":"","_links_to":"","_links_to_target":""},"categories":[1],"tags":[],"class_list":["post-3707","post","type-post","status-publish","format-standard","hentry","category-musik"],"_links":{"self":[{"href":"http:\/\/blogg.varldenidag.se\/musik\/wp-json\/wp\/v2\/posts\/3707","targetHints":{"allow":["GET"]}}],"collection":[{"href":"http:\/\/blogg.varldenidag.se\/musik\/wp-json\/wp\/v2\/posts"}],"about":[{"href":"http:\/\/blogg.varldenidag.se\/musik\/wp-json\/wp\/v2\/types\/post"}],"author":[{"embeddable":true,"href":"http:\/\/blogg.varldenidag.se\/musik\/wp-json\/wp\/v2\/users\/15"}],"replies":[{"embeddable":true,"href":"http:\/\/blogg.varldenidag.se\/musik\/wp-json\/wp\/v2\/comments?post=3707"}],"version-history":[{"count":1,"href":"http:\/\/blogg.varldenidag.se\/musik\/wp-json\/wp\/v2\/posts\/3707\/revisions"}],"predecessor-version":[{"id":3708,"href":"http:\/\/blogg.varldenidag.se\/musik\/wp-json\/wp\/v2\/posts\/3707\/revisions\/3708"}],"wp:attachment":[{"href":"http:\/\/blogg.varldenidag.se\/musik\/wp-json\/wp\/v2\/media?parent=3707"}],"wp:term":[{"taxonomy":"category","embeddable":true,"href":"http:\/\/blogg.varldenidag.se\/musik\/wp-json\/wp\/v2\/categories?post=3707"},{"taxonomy":"post_tag","embeddable":true,"href":"http:\/\/blogg.varldenidag.se\/musik\/wp-json\/wp\/v2\/tags?post=3707"}],"curies":[{"name":"wp","href":"https:\/\/api.w.org\/{rel}","templated":true}]}}