{"id":3703,"date":"2018-09-20T00:25:31","date_gmt":"2018-09-19T22:25:31","guid":{"rendered":"http:\/\/blogg.varldenidag.se\/musik\/?p=3703"},"modified":"2018-09-10T21:25:46","modified_gmt":"2018-09-10T19:25:46","slug":"vittnesbord-fran-branan","status":"publish","type":"post","link":"http:\/\/blogg.varldenidag.se\/musik\/vittnesbord-fran-branan\/","title":{"rendered":"Vittnesb\u00f6rd fr\u00e5n Branan"},"content":{"rendered":"<p>F\u00f6rra \u00e5ret tipsade vi om\u00a0<strong>Branan Murphy,\u00a0<\/strong>n\u00e4r nykomligen d\u00e5 sl\u00e4ppte sin\u00a0<em>&#8221;All The Wrong Things&#8221;.\u00a0<\/em>En bra l\u00e5t, helt klart, men <strong>Branan<\/strong> visade ha \u00e4n mer p\u00e5 lager.<\/p>\n<p>Nyligen sl\u00e4ppte han sin egen vittnesb\u00f6rd i musikform genom l\u00e5ten\u00a0<em>&#8221;My Life&#8221;.\u00a0<\/em>L\u00e5ten som handlar om hans egen livsresa till tron, och det \u00e4r en l\u00e5t som ber\u00f6r. Inte minst genom texten, men dessutom har\u00a0<strong>Branan\u00a0<\/strong>tagit det starka budskapet och f\u00f6rpackat i ett full\u00e4ndat popfodral. Det \u00e4r snyggt producerad pop med massor att dela med sig av. Dessutom en riktig hitvarning &#8211; skaplig kombo!<\/p>\n<p><strong>Spotify-l\u00e4nk:\u00a0<\/strong>https:\/\/open.spotify.com\/track\/4WmQbuCh1EO5jsPiWuiK8c?si=J7roqZd3ReurdTfO31uYqA<\/p>\n<p><strong>Youtube-l\u00e4nk:\u00a0<\/strong>https:\/\/www.youtube.com\/watch?v=Yk7leGQQJKs<\/p>\n<p><a href=\"https:\/\/glowingvibe.files.wordpress.com\/2018\/09\/c201b50c25bccc94e0640c997f8ce684b7387713.jpg\"><img loading=\"lazy\" decoding=\"async\" class=\"size-medium wp-image-3180 aligncenter\" src=\"https:\/\/glowingvibe.files.wordpress.com\/2018\/09\/c201b50c25bccc94e0640c997f8ce684b7387713.jpg?w=300\" alt=\"\" width=\"300\" height=\"300\" \/><\/a><\/p>\n","protected":false},"excerpt":{"rendered":"<p>F\u00f6rra \u00e5ret tipsade vi om\u00a0Branan Murphy,\u00a0n\u00e4r nykomligen d\u00e5 sl\u00e4ppte sin\u00a0&#8221;All The Wrong Things&#8221;.\u00a0En bra l\u00e5t, helt klart, men Branan visade ha \u00e4n mer p\u00e5 lager. Nyligen sl\u00e4ppte [&hellip;]<\/p>\n","protected":false},"author":15,"featured_media":0,"comment_status":"open","ping_status":"open","sticky":false,"template":"","format":"standard","meta":{"footnotes":"","_links_to":"","_links_to_target":""},"categories":[1],"tags":[],"class_list":["post-3703","post","type-post","status-publish","format-standard","hentry","category-musik"],"_links":{"self":[{"href":"http:\/\/blogg.varldenidag.se\/musik\/wp-json\/wp\/v2\/posts\/3703","targetHints":{"allow":["GET"]}}],"collection":[{"href":"http:\/\/blogg.varldenidag.se\/musik\/wp-json\/wp\/v2\/posts"}],"about":[{"href":"http:\/\/blogg.varldenidag.se\/musik\/wp-json\/wp\/v2\/types\/post"}],"author":[{"embeddable":true,"href":"http:\/\/blogg.varldenidag.se\/musik\/wp-json\/wp\/v2\/users\/15"}],"replies":[{"embeddable":true,"href":"http:\/\/blogg.varldenidag.se\/musik\/wp-json\/wp\/v2\/comments?post=3703"}],"version-history":[{"count":1,"href":"http:\/\/blogg.varldenidag.se\/musik\/wp-json\/wp\/v2\/posts\/3703\/revisions"}],"predecessor-version":[{"id":3704,"href":"http:\/\/blogg.varldenidag.se\/musik\/wp-json\/wp\/v2\/posts\/3703\/revisions\/3704"}],"wp:attachment":[{"href":"http:\/\/blogg.varldenidag.se\/musik\/wp-json\/wp\/v2\/media?parent=3703"}],"wp:term":[{"taxonomy":"category","embeddable":true,"href":"http:\/\/blogg.varldenidag.se\/musik\/wp-json\/wp\/v2\/categories?post=3703"},{"taxonomy":"post_tag","embeddable":true,"href":"http:\/\/blogg.varldenidag.se\/musik\/wp-json\/wp\/v2\/tags?post=3703"}],"curies":[{"name":"wp","href":"https:\/\/api.w.org\/{rel}","templated":true}]}}