{"id":3604,"date":"2018-08-27T21:28:50","date_gmt":"2018-08-27T19:28:50","guid":{"rendered":"http:\/\/blogg.varldenidag.se\/musik\/?p=3604"},"modified":"2018-09-02T16:58:43","modified_gmt":"2018-09-02T14:58:43","slug":"spellistan-for-skolstarten","status":"publish","type":"post","link":"http:\/\/blogg.varldenidag.se\/musik\/spellistan-for-skolstarten\/","title":{"rendered":"Spellistan f\u00f6r skolstarten!"},"content":{"rendered":"<p>Skolorna har startat och det \u00e4r \u00e5terigen dags att gnugga genikn\u00f6larna rej\u00e4lt i kunskapens korridorer.<\/p>\n<p>Vi har, naturligtvis, satt ihop en spellista f\u00f6r alla er som vill g\u00f6ra pluggandet lite l\u00e4ttare, eller kanske bussresan dit mycket roligare. Vi kallar spellistan kort och gott f\u00f6r\u00a0<strong>Vibe @ School\u00a0<\/strong>\u2013 och den kommer uppdateras med j\u00e4mna mellanrum f\u00f6r att du st\u00e4ndigt ska ha fr\u00e4sch musik i h\u00f6rlurarna. F\u00f6lj bara l\u00e4nken nedan!<\/p>\n<p>Psst&#8230; du vet v\u00e4l att\u00a0<strong>Soundshine\u00a0<\/strong>har ett antal fler heta spellistor att ta del av? Kolla in v\u00e5r profil p\u00e5 Spotify f\u00f6r att f\u00f6lja och lyssna!<\/p>\n<p><strong>Spotify-l\u00e4nk:\u00a0<\/strong><a href=\"https:\/\/open.spotify.com\/user\/ik69lbz3bp6x9rfl5x29ofxkw\/playlist\/7xwVHRlMvFjFHor1Bpd6b9?si=DsP1dPGBQDaWPqSicV1UUg\">https:\/\/open.spotify.com\/user\/ik69lbz3bp6x9rfl5x29ofxkw\/playlist\/7xwVHRlMvFjFHor1Bpd6b9?si=DsP1dPGBQDaWPqSicV1UUg<\/a><\/p>\n<p><a href=\"https:\/\/glowingvibe.files.wordpress.com\/2018\/08\/back-to-school-conceptual-creativity-207658.jpg\"><img loading=\"lazy\" decoding=\"async\" class=\"size-medium wp-image-3159 aligncenter\" src=\"https:\/\/glowingvibe.files.wordpress.com\/2018\/08\/back-to-school-conceptual-creativity-207658.jpg?w=300\" alt=\"\" width=\"300\" height=\"214\" \/><\/a><\/p>\n","protected":false},"excerpt":{"rendered":"<p>Skolorna har startat och det \u00e4r \u00e5terigen dags att gnugga genikn\u00f6larna rej\u00e4lt i kunskapens korridorer. Vi har, naturligtvis, satt ihop en spellista f\u00f6r alla er som vill [&hellip;]<\/p>\n","protected":false},"author":15,"featured_media":0,"comment_status":"open","ping_status":"open","sticky":false,"template":"","format":"standard","meta":{"footnotes":"","_links_to":"","_links_to_target":""},"categories":[1],"tags":[],"class_list":["post-3604","post","type-post","status-publish","format-standard","hentry","category-musik"],"_links":{"self":[{"href":"http:\/\/blogg.varldenidag.se\/musik\/wp-json\/wp\/v2\/posts\/3604","targetHints":{"allow":["GET"]}}],"collection":[{"href":"http:\/\/blogg.varldenidag.se\/musik\/wp-json\/wp\/v2\/posts"}],"about":[{"href":"http:\/\/blogg.varldenidag.se\/musik\/wp-json\/wp\/v2\/types\/post"}],"author":[{"embeddable":true,"href":"http:\/\/blogg.varldenidag.se\/musik\/wp-json\/wp\/v2\/users\/15"}],"replies":[{"embeddable":true,"href":"http:\/\/blogg.varldenidag.se\/musik\/wp-json\/wp\/v2\/comments?post=3604"}],"version-history":[{"count":2,"href":"http:\/\/blogg.varldenidag.se\/musik\/wp-json\/wp\/v2\/posts\/3604\/revisions"}],"predecessor-version":[{"id":3622,"href":"http:\/\/blogg.varldenidag.se\/musik\/wp-json\/wp\/v2\/posts\/3604\/revisions\/3622"}],"wp:attachment":[{"href":"http:\/\/blogg.varldenidag.se\/musik\/wp-json\/wp\/v2\/media?parent=3604"}],"wp:term":[{"taxonomy":"category","embeddable":true,"href":"http:\/\/blogg.varldenidag.se\/musik\/wp-json\/wp\/v2\/categories?post=3604"},{"taxonomy":"post_tag","embeddable":true,"href":"http:\/\/blogg.varldenidag.se\/musik\/wp-json\/wp\/v2\/tags?post=3604"}],"curies":[{"name":"wp","href":"https:\/\/api.w.org\/{rel}","templated":true}]}}