{"id":3584,"date":"2018-08-25T00:15:54","date_gmt":"2018-08-24T22:15:54","guid":{"rendered":"http:\/\/blogg.varldenidag.se\/musik\/?p=3584"},"modified":"2018-09-03T09:49:24","modified_gmt":"2018-09-03T07:49:24","slug":"stortskont-hiphopsvang","status":"publish","type":"post","link":"http:\/\/blogg.varldenidag.se\/musik\/stortskont-hiphopsvang\/","title":{"rendered":"St\u00f6rtsk\u00f6nt hiphopsv\u00e4ng"},"content":{"rendered":"<div class=\"video-container\"><iframe loading=\"lazy\" title=\"Paul Russell, Jon Keith, &amp; Ruslan - Get Back (Music Video)\" width=\"500\" height=\"281\" src=\"https:\/\/www.youtube.com\/embed\/dg61dEGiN9M?feature=oembed\" frameborder=\"0\" allow=\"accelerometer; autoplay; clipboard-write; encrypted-media; gyroscope; picture-in-picture; web-share\" referrerpolicy=\"strict-origin-when-cross-origin\" allowfullscreen><\/iframe><\/div>\n<p><strong>Ruslan\u00a0<\/strong>f\u00f6ddes av armeniska f\u00f6r\u00e4ldrar i Azerbadjan, men flydde landet p\u00e5 grund av religi\u00f6s f\u00f6rf\u00f6ljelse och hamnade ist\u00e4llet i San Diego, USA. Tur var kanske det f\u00f6r hans karri\u00e4r, f\u00f6r 27 \u00e5r efter flytten till staterna har han b\u00f6rjat skapat sig ett allt st\u00f6rre namn p\u00e5 den inhemska hiphopscenen. Det visar inte minst det faktum att hans senaste skiva g\u00e4stades av tunga namn som\u00a0<strong>Derek Minor<\/strong> och nyare stj\u00e4rnor som <strong>Whatuprg<\/strong> och\u00a0<strong>Nobigdyl.\u00a0<\/strong><\/p>\n<p>F\u00f6rutom albumsl\u00e4pp har han \u00e4ven sl\u00e4ppt en EP alldeles nyligen, och d\u00e4r hittar vi dundersk\u00f6na sp\u00e5ret\u00a0<em>&#8221;The Get Back&#8221;.\u00a0<\/em>Vi snackar om sk\u00f6nt gung rakt igenom i en sm\u00e5tt oemotst\u00e5ndlig d\u00e4nga n\u00e4r hiphop balanserar i gr\u00e4nslandet mot poplandskap. Riktigt bra l\u00e5t &#8211; och ett riktigt sp\u00e4nnande framtidsnamn!<\/p>\n<p><strong>Spotify-l\u00e4nk:\u00a0<\/strong><a href=\"https:\/\/open.spotify.com\/track\/0UTrgiPDO5sDKsTwDMaFIZ?si=uvzO4FPkRdaj2fkGskpfvw\">https:\/\/open.spotify.com\/track\/0UTrgiPDO5sDKsTwDMaFIZ?si=uvzO4FPkRdaj2fkGskpfvw<\/a><\/p>\n<p><a href=\"https:\/\/glowingvibe.files.wordpress.com\/2018\/08\/sx5utgn_400x400.jpg\"><img loading=\"lazy\" decoding=\"async\" class=\"size-medium wp-image-3130 aligncenter\" src=\"https:\/\/glowingvibe.files.wordpress.com\/2018\/08\/sx5utgn_400x400.jpg?w=300\" alt=\"\" width=\"300\" height=\"300\" \/><\/a><\/p>\n","protected":false},"excerpt":{"rendered":"<p>Ruslan\u00a0f\u00f6ddes av armeniska f\u00f6r\u00e4ldrar i Azerbadjan, men flydde landet p\u00e5 grund av religi\u00f6s f\u00f6rf\u00f6ljelse och hamnade ist\u00e4llet i San Diego, USA. Tur var kanske det f\u00f6r hans [&hellip;]<\/p>\n","protected":false},"author":15,"featured_media":0,"comment_status":"open","ping_status":"open","sticky":false,"template":"","format":"standard","meta":{"footnotes":"","_links_to":"","_links_to_target":""},"categories":[1],"tags":[],"class_list":["post-3584","post","type-post","status-publish","format-standard","hentry","category-musik"],"_links":{"self":[{"href":"http:\/\/blogg.varldenidag.se\/musik\/wp-json\/wp\/v2\/posts\/3584","targetHints":{"allow":["GET"]}}],"collection":[{"href":"http:\/\/blogg.varldenidag.se\/musik\/wp-json\/wp\/v2\/posts"}],"about":[{"href":"http:\/\/blogg.varldenidag.se\/musik\/wp-json\/wp\/v2\/types\/post"}],"author":[{"embeddable":true,"href":"http:\/\/blogg.varldenidag.se\/musik\/wp-json\/wp\/v2\/users\/15"}],"replies":[{"embeddable":true,"href":"http:\/\/blogg.varldenidag.se\/musik\/wp-json\/wp\/v2\/comments?post=3584"}],"version-history":[{"count":2,"href":"http:\/\/blogg.varldenidag.se\/musik\/wp-json\/wp\/v2\/posts\/3584\/revisions"}],"predecessor-version":[{"id":3687,"href":"http:\/\/blogg.varldenidag.se\/musik\/wp-json\/wp\/v2\/posts\/3584\/revisions\/3687"}],"wp:attachment":[{"href":"http:\/\/blogg.varldenidag.se\/musik\/wp-json\/wp\/v2\/media?parent=3584"}],"wp:term":[{"taxonomy":"category","embeddable":true,"href":"http:\/\/blogg.varldenidag.se\/musik\/wp-json\/wp\/v2\/categories?post=3584"},{"taxonomy":"post_tag","embeddable":true,"href":"http:\/\/blogg.varldenidag.se\/musik\/wp-json\/wp\/v2\/tags?post=3584"}],"curies":[{"name":"wp","href":"https:\/\/api.w.org\/{rel}","templated":true}]}}