{"id":3564,"date":"2018-08-17T00:03:29","date_gmt":"2018-08-16T22:03:29","guid":{"rendered":"http:\/\/blogg.varldenidag.se\/musik\/?p=3564"},"modified":"2018-08-18T02:41:17","modified_gmt":"2018-08-18T00:41:17","slug":"barrett-bjuder-pa-grym-debutskiva","status":"publish","type":"post","link":"http:\/\/blogg.varldenidag.se\/musik\/barrett-bjuder-pa-grym-debutskiva\/","title":{"rendered":"Barrett bjuder p\u00e5 grym debutskiva"},"content":{"rendered":"<p><strong>Pat Barrett\u00a0<\/strong>visade redan i v\u00e5ras genom sin f\u00f6rsta EP som soloartist att hans kommande full\u00e4ngdare kunde hur bra som helst. Och precis s\u00e5 blev det. F\u00f6r n\u00e5gra veckor sedan sl\u00e4ppte den tidigare\u00a0<strong>Housefires-<\/strong>s\u00e5ngaren sin debutskiva &#8211; och som han gjorde det. Han har redan gett oss fantastiska\u00a0<em>&#8221;Better&#8221;\u00a0<\/em>och grymma versioner av\u00a0<strong>Housefires<\/strong>-m\u00e4sterverket\u00a0<em>&#8221;The Way (New Horizon)&#8221;.\u00a0<\/em>Men p\u00e5 debutskivan har han fyllt p\u00e5 med ytterligare ett koppel av bra l\u00e5tar, d\u00e4r det \u00e4r sm\u00e5tt om\u00f6jligt att inte svepas med. Han har r\u00f6st, n\u00e4rvaro, k\u00e4nsla och texter som ger ett s\u00e5nt djup i alla hans l\u00e5tar &#8211; de g\u00e5r inte riktigt att l\u00e5ta bli att lyssna p\u00e5.<\/p>\n<p>Av alla l\u00e5tar p\u00e5 skivan fastnar jag personligen lite extra f\u00f6r\u00a0<em>&#8221;Hymn Of The Holy Spirit&#8221;.\u00a0<\/em>Bara namnet s\u00e4ger allt &#8211; det \u00e4r en fantastisk ny lovs\u00e5ng\/psalm som kan bli en ny modern klassiker. Vem \u00f6vers\u00e4tter denna till svenska? En av m\u00e5nga p\u00e4rlor fr\u00e5n en riktigt grym debutskiva!<\/p>\n<p><strong>Spotify-l\u00e4nk:\u00a0<\/strong><a href=\"https:\/\/open.spotify.com\/track\/4AEgObvtiIcnvbuFTIw7XJ?si=3KWrApKeStGzxXj_wEbrBA\">https:\/\/open.spotify.com\/track\/4AEgObvtiIcnvbuFTIw7XJ?si=3KWrApKeStGzxXj_wEbrBA<\/a><\/p>\n<p><strong>Youtube-l\u00e4nk:\u00a0<\/strong><a href=\"https:\/\/www.youtube.com\/watch?v=zGsawBBxVMY\">https:\/\/www.youtube.com\/watch?v=zGsawBBxVMY<\/a><\/p>\n<p><a href=\"https:\/\/glowingvibe.files.wordpress.com\/2018\/08\/a1pybbrqusl-_sy355_.jpg\"><img loading=\"lazy\" decoding=\"async\" class=\"size-medium wp-image-3116 aligncenter\" src=\"https:\/\/glowingvibe.files.wordpress.com\/2018\/08\/a1pybbrqusl-_sy355_.jpg?w=300\" alt=\"\" width=\"300\" height=\"300\" \/><\/a><\/p>\n","protected":false},"excerpt":{"rendered":"<p>Pat Barrett\u00a0visade redan i v\u00e5ras genom sin f\u00f6rsta EP som soloartist att hans kommande full\u00e4ngdare kunde hur bra som helst. Och precis s\u00e5 blev det. F\u00f6r n\u00e5gra [&hellip;]<\/p>\n","protected":false},"author":15,"featured_media":0,"comment_status":"open","ping_status":"open","sticky":false,"template":"","format":"standard","meta":{"footnotes":"","_links_to":"","_links_to_target":""},"categories":[1],"tags":[],"class_list":["post-3564","post","type-post","status-publish","format-standard","hentry","category-musik"],"_links":{"self":[{"href":"http:\/\/blogg.varldenidag.se\/musik\/wp-json\/wp\/v2\/posts\/3564","targetHints":{"allow":["GET"]}}],"collection":[{"href":"http:\/\/blogg.varldenidag.se\/musik\/wp-json\/wp\/v2\/posts"}],"about":[{"href":"http:\/\/blogg.varldenidag.se\/musik\/wp-json\/wp\/v2\/types\/post"}],"author":[{"embeddable":true,"href":"http:\/\/blogg.varldenidag.se\/musik\/wp-json\/wp\/v2\/users\/15"}],"replies":[{"embeddable":true,"href":"http:\/\/blogg.varldenidag.se\/musik\/wp-json\/wp\/v2\/comments?post=3564"}],"version-history":[{"count":2,"href":"http:\/\/blogg.varldenidag.se\/musik\/wp-json\/wp\/v2\/posts\/3564\/revisions"}],"predecessor-version":[{"id":3577,"href":"http:\/\/blogg.varldenidag.se\/musik\/wp-json\/wp\/v2\/posts\/3564\/revisions\/3577"}],"wp:attachment":[{"href":"http:\/\/blogg.varldenidag.se\/musik\/wp-json\/wp\/v2\/media?parent=3564"}],"wp:term":[{"taxonomy":"category","embeddable":true,"href":"http:\/\/blogg.varldenidag.se\/musik\/wp-json\/wp\/v2\/categories?post=3564"},{"taxonomy":"post_tag","embeddable":true,"href":"http:\/\/blogg.varldenidag.se\/musik\/wp-json\/wp\/v2\/tags?post=3564"}],"curies":[{"name":"wp","href":"https:\/\/api.w.org\/{rel}","templated":true}]}}