{"id":3562,"date":"2018-08-15T21:49:02","date_gmt":"2018-08-15T19:49:02","guid":{"rendered":"http:\/\/blogg.varldenidag.se\/musik\/?p=3562"},"modified":"2018-08-18T04:02:45","modified_gmt":"2018-08-18T02:02:45","slug":"daigle-gar-pa-knock","status":"publish","type":"post","link":"http:\/\/blogg.varldenidag.se\/musik\/daigle-gar-pa-knock\/","title":{"rendered":"Daigle g\u00e5r p\u00e5 knock"},"content":{"rendered":"<p>Sommaren b\u00f6rjar lida mot sitt slut och vi \u00e4r tillbaka efter ett uppeh\u00e5ll fullt av sol, bad och glass. Och det finns egentligen inget annat s\u00e4tt att dra ig\u00e5ng h\u00f6stens musiktips p\u00e5 \u00e4n att presentera det allra b\u00e4sta sl\u00e4ppet sedan vi senast uppdaterade.<\/p>\n<p>F\u00f6r precis n\u00e4r kvicksilvret stod som h\u00f6gst p\u00e5 termometern passade\u00a0<strong>Lauren Daigle\u00a0<\/strong>p\u00e5 att sl\u00e4ppa sin f\u00f6rsta singel fr\u00e5n hennes mycket efterl\u00e4ngtade andra skiva.\u00a0<strong>Lauren\u00a0<\/strong>slog ju &#8211; som s\u00e4kert ingen missat &#8211; ner som en bomb n\u00e4r hon 2015 sl\u00e4ppte sin f\u00f6rsta skiva\u00a0<em>&#8221;How can it be&#8221;,\u00a0<\/em>som var fullsmetad med bra l\u00e5tar fr\u00e5n b\u00f6rjan till slut och som s\u00e5lt \u00f6ver en miljon (!) exemplar fram tills idag<\/p>\n<p>I september kommer hennes nya skiva,\u00a0<em>&#8221;Look up Child&#8221;\u00a0<\/em>och f\u00f6rv\u00e4ntningarna \u00e4r s\u00e5 klart skyh\u00f6ga. Men hennes f\u00f6rsta smakprov,\u00a0<em>&#8221;You Say&#8221;,\u00a0<\/em>skvallrar om att ett nytt m\u00e4sterverk \u00e4r att v\u00e4nta. F\u00f6r singeln \u00e4r snudd p\u00e5 brutalt bra och redan vid f\u00f6rsta tonerna f\u00f6rst\u00e5r man att det h\u00e4r \u00e4r en riktigt bra l\u00e5t.\u00a0<strong>Paul Mabury\u00a0<\/strong>och\u00a0<strong>Jason Ingram\u00a0<\/strong>ligger tillsammans med\u00a0<strong>Daigle\u00a0<\/strong>bakom\u00a0<em>&#8221;You Say&#8221;\u00a0<\/em>som redan nu kan utses som en kandidat till titeln &#8221;\u00e5rets l\u00e5t&#8221; och som n\u00e4r den kom seglade hela v\u00e4gen upp i topp p\u00e5 iTunes i USA, f\u00f6re ett g\u00e4ng stora v\u00e4rldsstj\u00e4rnor och<i>\u00a0<\/i>som i skrivande stund fortfarande ligger p\u00e5 plats tio. M\u00e4ktigt!<\/p>\n<p><i><\/i>Redan tidigt i karri\u00e4ren j\u00e4mf\u00f6rdes\u00a0<strong>Daigle\u00a0<\/strong>en del med superstj\u00e4rnan\u00a0<strong>Adele\u00a0<\/strong>och liknelsen g\u00f6r sig r\u00e4tta \u00e4ven p\u00e5 nya singeln, som faktiskt l\u00e5ter som n\u00e5got det engelska popfenomenet kunde kn\u00e5pat ihop. Snyggt rakt igenom och en grym s\u00e5nginsats&#8230; utan tvekan en l\u00e5t du inte F\u00c5R missa!Q<\/p>\n<p><strong>Spotify-l\u00e4nk:\u00a0<\/strong><a href=\"https:\/\/open.spotify.com\/track\/72b0ANL1ZiV71OiZRs0Lny?si=9L6BLb2aSTOhzX_SgeGJXw\">https:\/\/open.spotify.com\/track\/72b0ANL1ZiV71OiZRs0Lny?si=9L6BLb2aSTOhzX_SgeGJXw<\/a><\/p>\n<p><strong>Youtube-l\u00e4nk:\u00a0<\/strong><a href=\"https:\/\/www.youtube.com\/watch?v=sIaT8Jl2zpI\">https:\/\/www.youtube.com\/watch?v=sIaT8Jl2zpI<\/a><\/p>\n<p><a href=\"https:\/\/glowingvibe.files.wordpress.com\/2018\/08\/115f7cbddface8828415ea726bc718e3-640x640x1.jpg\"><img loading=\"lazy\" decoding=\"async\" class=\"size-medium wp-image-3113 aligncenter\" src=\"https:\/\/glowingvibe.files.wordpress.com\/2018\/08\/115f7cbddface8828415ea726bc718e3-640x640x1.jpg?w=300\" alt=\"\" width=\"300\" height=\"300\" \/><\/a><\/p>\n","protected":false},"excerpt":{"rendered":"<p>Sommaren b\u00f6rjar lida mot sitt slut och vi \u00e4r tillbaka efter ett uppeh\u00e5ll fullt av sol, bad och glass. Och det finns egentligen inget annat s\u00e4tt att [&hellip;]<\/p>\n","protected":false},"author":15,"featured_media":0,"comment_status":"open","ping_status":"open","sticky":false,"template":"","format":"standard","meta":{"footnotes":"","_links_to":"","_links_to_target":""},"categories":[1],"tags":[],"class_list":["post-3562","post","type-post","status-publish","format-standard","hentry","category-musik"],"_links":{"self":[{"href":"http:\/\/blogg.varldenidag.se\/musik\/wp-json\/wp\/v2\/posts\/3562","targetHints":{"allow":["GET"]}}],"collection":[{"href":"http:\/\/blogg.varldenidag.se\/musik\/wp-json\/wp\/v2\/posts"}],"about":[{"href":"http:\/\/blogg.varldenidag.se\/musik\/wp-json\/wp\/v2\/types\/post"}],"author":[{"embeddable":true,"href":"http:\/\/blogg.varldenidag.se\/musik\/wp-json\/wp\/v2\/users\/15"}],"replies":[{"embeddable":true,"href":"http:\/\/blogg.varldenidag.se\/musik\/wp-json\/wp\/v2\/comments?post=3562"}],"version-history":[{"count":2,"href":"http:\/\/blogg.varldenidag.se\/musik\/wp-json\/wp\/v2\/posts\/3562\/revisions"}],"predecessor-version":[{"id":3578,"href":"http:\/\/blogg.varldenidag.se\/musik\/wp-json\/wp\/v2\/posts\/3562\/revisions\/3578"}],"wp:attachment":[{"href":"http:\/\/blogg.varldenidag.se\/musik\/wp-json\/wp\/v2\/media?parent=3562"}],"wp:term":[{"taxonomy":"category","embeddable":true,"href":"http:\/\/blogg.varldenidag.se\/musik\/wp-json\/wp\/v2\/categories?post=3562"},{"taxonomy":"post_tag","embeddable":true,"href":"http:\/\/blogg.varldenidag.se\/musik\/wp-json\/wp\/v2\/tags?post=3562"}],"curies":[{"name":"wp","href":"https:\/\/api.w.org\/{rel}","templated":true}]}}