{"id":3522,"date":"2018-06-01T00:11:38","date_gmt":"2018-05-31T22:11:38","guid":{"rendered":"http:\/\/blogg.varldenidag.se\/musik\/?p=3522"},"modified":"2018-05-28T22:11:55","modified_gmt":"2018-05-28T20:11:55","slug":"spellistan-for-sommaren-2018","status":"publish","type":"post","link":"http:\/\/blogg.varldenidag.se\/musik\/spellistan-for-sommaren-2018\/","title":{"rendered":"Spellistan f\u00f6r sommaren 2018!"},"content":{"rendered":"<p>Sommaren \u00e4r officiellt h\u00e4r! Och f\u00f6r att fira har vi satt ihop den ultimata spellistan f\u00f6r sommaren 2018 &#8211; kort och gott kallad\u00a0<strong>Summervibes 2018.<br \/>\n<\/strong><\/p>\n<p>Det \u00e4r h\u00e4r du hittar alla sommarhits du beh\u00f6ver f\u00f6r att maxa alla sommark\u00e4nslor. Vi har testat &#8211; solsken och denna spellistan \u00e4r den perfekta kombon! In och lyssna genast!<\/p>\n<p>Och vet du vad? Vi fyller p\u00e5 med nya l\u00e5tar s\u00e5 snart nya sommarpl\u00e5gor anl\u00e4nder s\u00e5 gl\u00f6m inte att f\u00f6lja listan!<\/p>\n<p><strong>Spotify-l\u00e4nk:\u00a0<\/strong><a href=\"https:\/\/open.spotify.com\/user\/ik69lbz3bp6x9rfl5x29ofxkw\/playlist\/64VrW1RAugIOtVArmRjVBs?si=7nKMr9BVSQOVSB9ivoSggw\">https:\/\/open.spotify.com\/user\/ik69lbz3bp6x9rfl5x29ofxkw\/playlist\/64VrW1RAugIOtVArmRjVBs?si=7nKMr9BVSQOVSB9ivoSggw<\/a><\/p>\n<p><a href=\"https:\/\/glowingvibe.files.wordpress.com\/2018\/05\/summervibesny.jpg\"><img loading=\"lazy\" decoding=\"async\" class=\"size-medium wp-image-3058 aligncenter\" src=\"https:\/\/glowingvibe.files.wordpress.com\/2018\/05\/summervibesny.jpg?w=300\" alt=\"\" width=\"300\" height=\"200\" \/><\/a><\/p>\n","protected":false},"excerpt":{"rendered":"<p>Sommaren \u00e4r officiellt h\u00e4r! Och f\u00f6r att fira har vi satt ihop den ultimata spellistan f\u00f6r sommaren 2018 &#8211; kort och gott kallad\u00a0Summervibes 2018. Det \u00e4r h\u00e4r [&hellip;]<\/p>\n","protected":false},"author":15,"featured_media":0,"comment_status":"open","ping_status":"open","sticky":false,"template":"","format":"standard","meta":{"footnotes":"","_links_to":"","_links_to_target":""},"categories":[1],"tags":[],"class_list":["post-3522","post","type-post","status-publish","format-standard","hentry","category-musik"],"_links":{"self":[{"href":"http:\/\/blogg.varldenidag.se\/musik\/wp-json\/wp\/v2\/posts\/3522","targetHints":{"allow":["GET"]}}],"collection":[{"href":"http:\/\/blogg.varldenidag.se\/musik\/wp-json\/wp\/v2\/posts"}],"about":[{"href":"http:\/\/blogg.varldenidag.se\/musik\/wp-json\/wp\/v2\/types\/post"}],"author":[{"embeddable":true,"href":"http:\/\/blogg.varldenidag.se\/musik\/wp-json\/wp\/v2\/users\/15"}],"replies":[{"embeddable":true,"href":"http:\/\/blogg.varldenidag.se\/musik\/wp-json\/wp\/v2\/comments?post=3522"}],"version-history":[{"count":1,"href":"http:\/\/blogg.varldenidag.se\/musik\/wp-json\/wp\/v2\/posts\/3522\/revisions"}],"predecessor-version":[{"id":3523,"href":"http:\/\/blogg.varldenidag.se\/musik\/wp-json\/wp\/v2\/posts\/3522\/revisions\/3523"}],"wp:attachment":[{"href":"http:\/\/blogg.varldenidag.se\/musik\/wp-json\/wp\/v2\/media?parent=3522"}],"wp:term":[{"taxonomy":"category","embeddable":true,"href":"http:\/\/blogg.varldenidag.se\/musik\/wp-json\/wp\/v2\/categories?post=3522"},{"taxonomy":"post_tag","embeddable":true,"href":"http:\/\/blogg.varldenidag.se\/musik\/wp-json\/wp\/v2\/tags?post=3522"}],"curies":[{"name":"wp","href":"https:\/\/api.w.org\/{rel}","templated":true}]}}