{"id":3511,"date":"2018-05-08T21:24:56","date_gmt":"2018-05-08T19:24:56","guid":{"rendered":"http:\/\/blogg.varldenidag.se\/musik\/?p=3511"},"modified":"2018-05-08T21:24:56","modified_gmt":"2018-05-08T19:24:56","slug":"ny-spellista-att-folja","status":"publish","type":"post","link":"http:\/\/blogg.varldenidag.se\/musik\/ny-spellista-att-folja\/","title":{"rendered":"Ny spellista att f\u00f6lja"},"content":{"rendered":"<p>Luta dig tillbaka, andas in, andas ut och fyll p\u00e5 med ny energi.<br \/>\nNu har vi satt ihop den ultimata spellistan n\u00e4r du bara beh\u00f6ver koppla av en stund. Lyssna in\u00a0<strong>Vibe Calm Down\u00a0<\/strong>p\u00e5 Spotify n\u00e4r du beh\u00f6ver s\u00e4nka tempot f\u00f6r en stund.<\/p>\n<p>Psst&#8230; gl\u00f6m inte att f\u00f6lja oss p\u00e5 Spotify f\u00f6r fler sk\u00f6na spellistor!<\/p>\n<p><strong>Spotify-l\u00e4nk:\u00a0<\/strong>https:\/\/open.spotify.com\/user\/ik69lbz3bp6x9rfl5x29ofxkw\/playlist\/5Dok34iYafDbYLoNj110PV?si=8WOXKnfzQOe5i6PdyJ73QA<\/p>\n<p><a href=\"https:\/\/glowingvibe.files.wordpress.com\/2018\/05\/vibecalmdown.jpg\"><img loading=\"lazy\" decoding=\"async\" class=\"size-medium wp-image-3042 aligncenter\" src=\"https:\/\/glowingvibe.files.wordpress.com\/2018\/05\/vibecalmdown.jpg?w=300\" alt=\"\" width=\"300\" height=\"223\" \/><\/a><\/p>\n","protected":false},"excerpt":{"rendered":"<p>Luta dig tillbaka, andas in, andas ut och fyll p\u00e5 med ny energi. Nu har vi satt ihop den ultimata spellistan n\u00e4r du bara beh\u00f6ver koppla av [&hellip;]<\/p>\n","protected":false},"author":15,"featured_media":0,"comment_status":"open","ping_status":"open","sticky":false,"template":"","format":"standard","meta":{"footnotes":"","_links_to":"","_links_to_target":""},"categories":[1],"tags":[],"class_list":["post-3511","post","type-post","status-publish","format-standard","hentry","category-musik"],"_links":{"self":[{"href":"http:\/\/blogg.varldenidag.se\/musik\/wp-json\/wp\/v2\/posts\/3511","targetHints":{"allow":["GET"]}}],"collection":[{"href":"http:\/\/blogg.varldenidag.se\/musik\/wp-json\/wp\/v2\/posts"}],"about":[{"href":"http:\/\/blogg.varldenidag.se\/musik\/wp-json\/wp\/v2\/types\/post"}],"author":[{"embeddable":true,"href":"http:\/\/blogg.varldenidag.se\/musik\/wp-json\/wp\/v2\/users\/15"}],"replies":[{"embeddable":true,"href":"http:\/\/blogg.varldenidag.se\/musik\/wp-json\/wp\/v2\/comments?post=3511"}],"version-history":[{"count":1,"href":"http:\/\/blogg.varldenidag.se\/musik\/wp-json\/wp\/v2\/posts\/3511\/revisions"}],"predecessor-version":[{"id":3512,"href":"http:\/\/blogg.varldenidag.se\/musik\/wp-json\/wp\/v2\/posts\/3511\/revisions\/3512"}],"wp:attachment":[{"href":"http:\/\/blogg.varldenidag.se\/musik\/wp-json\/wp\/v2\/media?parent=3511"}],"wp:term":[{"taxonomy":"category","embeddable":true,"href":"http:\/\/blogg.varldenidag.se\/musik\/wp-json\/wp\/v2\/categories?post=3511"},{"taxonomy":"post_tag","embeddable":true,"href":"http:\/\/blogg.varldenidag.se\/musik\/wp-json\/wp\/v2\/tags?post=3511"}],"curies":[{"name":"wp","href":"https:\/\/api.w.org\/{rel}","templated":true}]}}