{"id":3509,"date":"2018-05-18T00:00:12","date_gmt":"2018-05-17T22:00:12","guid":{"rendered":"http:\/\/blogg.varldenidag.se\/musik\/?p=3509"},"modified":"2018-05-08T21:00:32","modified_gmt":"2018-05-08T19:00:32","slug":"grym-pop-fran-nashvilleduon","status":"publish","type":"post","link":"http:\/\/blogg.varldenidag.se\/musik\/grym-pop-fran-nashvilleduon\/","title":{"rendered":"Grym pop fr\u00e5n Nashvilleduon"},"content":{"rendered":"<p>I Nashville (var annars!) huserar\u00a0<strong>Apollo LTD,\u00a0<\/strong>en duo best\u00e5ende av\u00a0<strong>Jordan Phillips\u00a0<\/strong>och\u00a0<strong>Adam Stark\u00a0<\/strong>som sedan 2015 tillsammans g\u00f6r verklighet av sin vision att skapa sv\u00e4ngig, energifull pop. Deras nya singel\u00a0<em>&#8221;Man That I Used To Know&#8221;\u00a0<\/em>\u00e4r en supersv\u00e4ngig popp\u00e4rla, som doftar b\u00e5de\u00a0<strong>Colony House, The Outsiders, The Script <\/strong>och\u00a0<strong>Worship Central.<\/strong><\/p>\n<p>Tempot \u00e4r h\u00f6gt, 80-talet ligger och g\u00f6r sig p\u00e5mint i bakgrunden och k\u00e4nslan \u00e4r allm\u00e4nt st\u00f6rtsk\u00f6n. L\u00e5ten \u00e4r fantastiskt sk\u00f6n, sv\u00e4ngig och klistrande&#8230; en riktig popraket som du inte b\u00f6r missa!<\/p>\n<p><strong>Spotify-l\u00e4nk:\u00a0<\/strong>https:\/\/open.spotify.com\/track\/4dEZbrokJ8lgNyrdL9ZTe8?si=I6KZrH6vTOK4I4FAYCkgHg<\/p>\n<p><strong>Youtube-l\u00e4nk:\u00a0<\/strong>https:\/\/www.youtube.com\/watch?v=rG9dUXuf7iU<\/p>\n<p><a href=\"https:\/\/glowingvibe.files.wordpress.com\/2018\/05\/399aeea18a7e9e32f0162ce149488a37-1000x1000x1.png\"><img loading=\"lazy\" decoding=\"async\" class=\"size-medium wp-image-3039 aligncenter\" src=\"https:\/\/glowingvibe.files.wordpress.com\/2018\/05\/399aeea18a7e9e32f0162ce149488a37-1000x1000x1.png?w=300\" alt=\"\" width=\"300\" height=\"300\" \/><\/a><\/p>\n<p>&nbsp;<\/p>\n<p>&nbsp;<\/p>\n<p>&nbsp;<\/p>\n","protected":false},"excerpt":{"rendered":"<p>I Nashville (var annars!) huserar\u00a0Apollo LTD,\u00a0en duo best\u00e5ende av\u00a0Jordan Phillips\u00a0och\u00a0Adam Stark\u00a0som sedan 2015 tillsammans g\u00f6r verklighet av sin vision att skapa sv\u00e4ngig, energifull pop. Deras nya singel\u00a0&#8221;Man [&hellip;]<\/p>\n","protected":false},"author":15,"featured_media":0,"comment_status":"open","ping_status":"open","sticky":false,"template":"","format":"standard","meta":{"footnotes":"","_links_to":"","_links_to_target":""},"categories":[1],"tags":[],"class_list":["post-3509","post","type-post","status-publish","format-standard","hentry","category-musik"],"_links":{"self":[{"href":"http:\/\/blogg.varldenidag.se\/musik\/wp-json\/wp\/v2\/posts\/3509","targetHints":{"allow":["GET"]}}],"collection":[{"href":"http:\/\/blogg.varldenidag.se\/musik\/wp-json\/wp\/v2\/posts"}],"about":[{"href":"http:\/\/blogg.varldenidag.se\/musik\/wp-json\/wp\/v2\/types\/post"}],"author":[{"embeddable":true,"href":"http:\/\/blogg.varldenidag.se\/musik\/wp-json\/wp\/v2\/users\/15"}],"replies":[{"embeddable":true,"href":"http:\/\/blogg.varldenidag.se\/musik\/wp-json\/wp\/v2\/comments?post=3509"}],"version-history":[{"count":1,"href":"http:\/\/blogg.varldenidag.se\/musik\/wp-json\/wp\/v2\/posts\/3509\/revisions"}],"predecessor-version":[{"id":3510,"href":"http:\/\/blogg.varldenidag.se\/musik\/wp-json\/wp\/v2\/posts\/3509\/revisions\/3510"}],"wp:attachment":[{"href":"http:\/\/blogg.varldenidag.se\/musik\/wp-json\/wp\/v2\/media?parent=3509"}],"wp:term":[{"taxonomy":"category","embeddable":true,"href":"http:\/\/blogg.varldenidag.se\/musik\/wp-json\/wp\/v2\/categories?post=3509"},{"taxonomy":"post_tag","embeddable":true,"href":"http:\/\/blogg.varldenidag.se\/musik\/wp-json\/wp\/v2\/tags?post=3509"}],"curies":[{"name":"wp","href":"https:\/\/api.w.org\/{rel}","templated":true}]}}