{"id":3399,"date":"2018-03-11T20:00:52","date_gmt":"2018-03-11T19:00:52","guid":{"rendered":"http:\/\/blogg.varldenidag.se\/musik\/?p=3399"},"modified":"2018-03-11T20:00:52","modified_gmt":"2018-03-11T19:00:52","slug":"folj-oss-garna","status":"publish","type":"post","link":"http:\/\/blogg.varldenidag.se\/musik\/folj-oss-garna\/","title":{"rendered":"F\u00f6lj oss g\u00e4rna!"},"content":{"rendered":"<p>Nu finns det flera s\u00e4tt att f\u00f6lja oss\u00a0<strong>Soundshine\u00a0<\/strong>f\u00f6r att f\u00e5 de hetaste och senaste musiktipsen. F\u00f6lj oss g\u00e4rna!<\/p>\n<p><strong>Facebook:\u00a0<\/strong>@soundshinesweden<\/p>\n<p><strong>Instagram:\u00a0<\/strong>@soundshinemusic<\/p>\n<p>&nbsp;<\/p>\n","protected":false},"excerpt":{"rendered":"<p>Nu finns det flera s\u00e4tt att f\u00f6lja oss\u00a0Soundshine\u00a0f\u00f6r att f\u00e5 de hetaste och senaste musiktipsen. F\u00f6lj oss g\u00e4rna! Facebook:\u00a0@soundshinesweden Instagram:\u00a0@soundshinemusic &nbsp;<\/p>\n","protected":false},"author":15,"featured_media":0,"comment_status":"open","ping_status":"open","sticky":false,"template":"","format":"standard","meta":{"footnotes":"","_links_to":"","_links_to_target":""},"categories":[1],"tags":[],"class_list":["post-3399","post","type-post","status-publish","format-standard","hentry","category-musik"],"_links":{"self":[{"href":"http:\/\/blogg.varldenidag.se\/musik\/wp-json\/wp\/v2\/posts\/3399","targetHints":{"allow":["GET"]}}],"collection":[{"href":"http:\/\/blogg.varldenidag.se\/musik\/wp-json\/wp\/v2\/posts"}],"about":[{"href":"http:\/\/blogg.varldenidag.se\/musik\/wp-json\/wp\/v2\/types\/post"}],"author":[{"embeddable":true,"href":"http:\/\/blogg.varldenidag.se\/musik\/wp-json\/wp\/v2\/users\/15"}],"replies":[{"embeddable":true,"href":"http:\/\/blogg.varldenidag.se\/musik\/wp-json\/wp\/v2\/comments?post=3399"}],"version-history":[{"count":1,"href":"http:\/\/blogg.varldenidag.se\/musik\/wp-json\/wp\/v2\/posts\/3399\/revisions"}],"predecessor-version":[{"id":3400,"href":"http:\/\/blogg.varldenidag.se\/musik\/wp-json\/wp\/v2\/posts\/3399\/revisions\/3400"}],"wp:attachment":[{"href":"http:\/\/blogg.varldenidag.se\/musik\/wp-json\/wp\/v2\/media?parent=3399"}],"wp:term":[{"taxonomy":"category","embeddable":true,"href":"http:\/\/blogg.varldenidag.se\/musik\/wp-json\/wp\/v2\/categories?post=3399"},{"taxonomy":"post_tag","embeddable":true,"href":"http:\/\/blogg.varldenidag.se\/musik\/wp-json\/wp\/v2\/tags?post=3399"}],"curies":[{"name":"wp","href":"https:\/\/api.w.org\/{rel}","templated":true}]}}