{"id":3367,"date":"2018-02-20T00:59:08","date_gmt":"2018-02-19T23:59:08","guid":{"rendered":"http:\/\/blogg.varldenidag.se\/musik\/?p=3367"},"modified":"2018-02-12T21:59:24","modified_gmt":"2018-02-12T20:59:24","slug":"fireflight-ar-tillbaka","status":"publish","type":"post","link":"http:\/\/blogg.varldenidag.se\/musik\/fireflight-ar-tillbaka\/","title":{"rendered":"Fireflight \u00e4r tillbaka"},"content":{"rendered":"<p>Amerikanska\u00a0<strong>Fireflight\u00a0<\/strong>r\u00f6nte stora framg\u00e5ngar p\u00e5 den kristna rockscenen i mitten av 00-talet och b\u00f6rjan av 10-talet n\u00e4r de r\u00f6jde runt med sin rakt-i-ansiktet-rock som v\u00e4lte vilken kiosk som helst. Med enorm udd, sk\u00e4rpa och texter om att brinna f\u00f6r Jesus n\u00e5dde de en hel del framg\u00e5ngar och spelade p\u00e5 de stora scenerna. Men f\u00f6r n\u00e5gra \u00e5r sedan valde bandet att st\u00e5 p\u00e5 egna ben, utan skivbolag i ryggen, och sl\u00e4ppte via crowd-funding sin skiva\u00a0<em>&#8221;Innova&#8221;.<\/em><\/p>\n<p>Nu har\u00a0<strong>Fireflight\u00a0<\/strong>sl\u00e4ppt nytt material igen i form av\u00a0<em>&#8221;I Won&#8217;t Look Back&#8221;,\u00a0<\/em>en ganska klassiskt snittad\u00a0<strong>Fireflight<\/strong>-hit som p\u00e5minner en del om bandets tidiga \u00e5r snarare \u00e4n soundet p\u00e5 f\u00f6rra skivan. En intressant comeback &#8211; och jag l\u00e4ngtar redan efter mer!<\/p>\n<p><strong>Spotify-l\u00e4nk:\u00a0<\/strong>https:\/\/open.spotify.com\/track\/5llksYcJ2Q7eL5HaCMZdvE?si=6HbWG2iVTh21XxtCr-cKZA<\/p>\n<p><a href=\"https:\/\/glowingvibe.files.wordpress.com\/2018\/02\/fireflight-i-wont-look-back-single-jpeg.jpg\"><img loading=\"lazy\" decoding=\"async\" class=\"size-medium wp-image-2846 aligncenter\" src=\"https:\/\/glowingvibe.files.wordpress.com\/2018\/02\/fireflight-i-wont-look-back-single-jpeg.jpg?w=300\" alt=\"\" width=\"300\" height=\"300\" \/><\/a><\/p>\n","protected":false},"excerpt":{"rendered":"<p>Amerikanska\u00a0Fireflight\u00a0r\u00f6nte stora framg\u00e5ngar p\u00e5 den kristna rockscenen i mitten av 00-talet och b\u00f6rjan av 10-talet n\u00e4r de r\u00f6jde runt med sin rakt-i-ansiktet-rock som v\u00e4lte vilken kiosk som [&hellip;]<\/p>\n","protected":false},"author":15,"featured_media":0,"comment_status":"open","ping_status":"open","sticky":false,"template":"","format":"standard","meta":{"footnotes":"","_links_to":"","_links_to_target":""},"categories":[1],"tags":[],"class_list":["post-3367","post","type-post","status-publish","format-standard","hentry","category-musik"],"_links":{"self":[{"href":"http:\/\/blogg.varldenidag.se\/musik\/wp-json\/wp\/v2\/posts\/3367","targetHints":{"allow":["GET"]}}],"collection":[{"href":"http:\/\/blogg.varldenidag.se\/musik\/wp-json\/wp\/v2\/posts"}],"about":[{"href":"http:\/\/blogg.varldenidag.se\/musik\/wp-json\/wp\/v2\/types\/post"}],"author":[{"embeddable":true,"href":"http:\/\/blogg.varldenidag.se\/musik\/wp-json\/wp\/v2\/users\/15"}],"replies":[{"embeddable":true,"href":"http:\/\/blogg.varldenidag.se\/musik\/wp-json\/wp\/v2\/comments?post=3367"}],"version-history":[{"count":1,"href":"http:\/\/blogg.varldenidag.se\/musik\/wp-json\/wp\/v2\/posts\/3367\/revisions"}],"predecessor-version":[{"id":3368,"href":"http:\/\/blogg.varldenidag.se\/musik\/wp-json\/wp\/v2\/posts\/3367\/revisions\/3368"}],"wp:attachment":[{"href":"http:\/\/blogg.varldenidag.se\/musik\/wp-json\/wp\/v2\/media?parent=3367"}],"wp:term":[{"taxonomy":"category","embeddable":true,"href":"http:\/\/blogg.varldenidag.se\/musik\/wp-json\/wp\/v2\/categories?post=3367"},{"taxonomy":"post_tag","embeddable":true,"href":"http:\/\/blogg.varldenidag.se\/musik\/wp-json\/wp\/v2\/tags?post=3367"}],"curies":[{"name":"wp","href":"https:\/\/api.w.org\/{rel}","templated":true}]}}