{"id":3365,"date":"2018-02-18T00:50:00","date_gmt":"2018-02-17T23:50:00","guid":{"rendered":"http:\/\/blogg.varldenidag.se\/musik\/?p=3365"},"modified":"2018-02-12T21:50:21","modified_gmt":"2018-02-12T20:50:21","slug":"kollektivet-som-gar-sin-egen-vag","status":"publish","type":"post","link":"http:\/\/blogg.varldenidag.se\/musik\/kollektivet-som-gar-sin-egen-vag\/","title":{"rendered":"Kollektivet som g\u00e5r sin egen v\u00e4g"},"content":{"rendered":"<p>2017 m\u00e5 ha passerat, men n\u00e5gra russin finns \u00e4nnu att plocka ur fjol\u00e5rets musikaliska kaka. Inte minst \u00e4r det om\u00f6jligt att l\u00e4mna \u00e5ret bakom oss utan att n\u00e4mna\u00a0<strong>Kings Kaleidoscope.\u00a0<\/strong><\/p>\n<p>Seattle \u00e4r hemmaplanen f\u00f6r detta kollektiv, ett band som g\u00e5r sin egen v\u00e4g. De har redan, med sin egen pr\u00e4gel, tolkat stora klassiska psalmer och lovs\u00e5nger, f\u00f6r att i n\u00e4sta stund bjuda p\u00e5 funk, rock, hiphop och pop som mixas ner i deras egen kvarn till en ursk\u00f6n skapelse. Det \u00e4r sv\u00e5rt att inte f\u00f6r\u00e4lska sig i deras\u00a0<em>&#8221;Sticks &amp; Stones&#8221;\u00a0<\/em>&#8211; en l\u00e5t som p\u00e5minner en del om band som\u00a0<strong>Imagine Dragons\u00a0<\/strong>och\u00a0<strong>X Ambassadors.<\/strong><\/p>\n<p>S\u00e5 ta lite tid f\u00f6r att titta i backspegeln och sup in reflektionerna fr\u00e5n\u00a0<strong>Kings Kaleidoscope\u00a0<\/strong>&#8211; ett band att h\u00e5lla \u00f6gonen p\u00e5 \u00e4ven i framtiden, f\u00f6r h\u00e4r snackar vi stor potential att sl\u00e5 igenom ordentligt!<\/p>\n<p><strong>Spotify-l\u00e4nk:\u00a0<\/strong><a href=\"https:\/\/open.spotify.com\/track\/236Joyhsvc06vmBkKjCFwf?si=VQDesl8ETj-GTk-h_PadqQ\">https:\/\/open.spotify.com\/track\/236Joyhsvc06vmBkKjCFwf?si=eusZHIiRQTmDT8qRZtAJ0g<\/a><\/p>\n<p><strong>Youtube-l\u00e4nk:\u00a0<\/strong>https:\/\/www.youtube.com\/watch?v=dZlAqpB3n3A<\/p>\n<p><a href=\"https:\/\/glowingvibe.files.wordpress.com\/2018\/02\/7f6620b6353070eb827c3dfd16ce7321-1000x1000x1.jpg\"><img loading=\"lazy\" decoding=\"async\" class=\"size-medium wp-image-2843 aligncenter\" src=\"https:\/\/glowingvibe.files.wordpress.com\/2018\/02\/7f6620b6353070eb827c3dfd16ce7321-1000x1000x1.jpg?w=300\" alt=\"\" width=\"300\" height=\"300\" \/><\/a><\/p>\n","protected":false},"excerpt":{"rendered":"<p>2017 m\u00e5 ha passerat, men n\u00e5gra russin finns \u00e4nnu att plocka ur fjol\u00e5rets musikaliska kaka. Inte minst \u00e4r det om\u00f6jligt att l\u00e4mna \u00e5ret bakom oss utan att [&hellip;]<\/p>\n","protected":false},"author":15,"featured_media":0,"comment_status":"open","ping_status":"open","sticky":false,"template":"","format":"standard","meta":{"footnotes":"","_links_to":"","_links_to_target":""},"categories":[1],"tags":[],"class_list":["post-3365","post","type-post","status-publish","format-standard","hentry","category-musik"],"_links":{"self":[{"href":"http:\/\/blogg.varldenidag.se\/musik\/wp-json\/wp\/v2\/posts\/3365","targetHints":{"allow":["GET"]}}],"collection":[{"href":"http:\/\/blogg.varldenidag.se\/musik\/wp-json\/wp\/v2\/posts"}],"about":[{"href":"http:\/\/blogg.varldenidag.se\/musik\/wp-json\/wp\/v2\/types\/post"}],"author":[{"embeddable":true,"href":"http:\/\/blogg.varldenidag.se\/musik\/wp-json\/wp\/v2\/users\/15"}],"replies":[{"embeddable":true,"href":"http:\/\/blogg.varldenidag.se\/musik\/wp-json\/wp\/v2\/comments?post=3365"}],"version-history":[{"count":1,"href":"http:\/\/blogg.varldenidag.se\/musik\/wp-json\/wp\/v2\/posts\/3365\/revisions"}],"predecessor-version":[{"id":3366,"href":"http:\/\/blogg.varldenidag.se\/musik\/wp-json\/wp\/v2\/posts\/3365\/revisions\/3366"}],"wp:attachment":[{"href":"http:\/\/blogg.varldenidag.se\/musik\/wp-json\/wp\/v2\/media?parent=3365"}],"wp:term":[{"taxonomy":"category","embeddable":true,"href":"http:\/\/blogg.varldenidag.se\/musik\/wp-json\/wp\/v2\/categories?post=3365"},{"taxonomy":"post_tag","embeddable":true,"href":"http:\/\/blogg.varldenidag.se\/musik\/wp-json\/wp\/v2\/tags?post=3365"}],"curies":[{"name":"wp","href":"https:\/\/api.w.org\/{rel}","templated":true}]}}