{"id":3350,"date":"2018-02-19T00:09:18","date_gmt":"2018-02-18T23:09:18","guid":{"rendered":"http:\/\/blogg.varldenidag.se\/musik\/?p=3350"},"modified":"2018-02-12T20:09:54","modified_gmt":"2018-02-12T19:09:54","slug":"shawn-slapper-nytt-tack-vare-fansen","status":"publish","type":"post","link":"http:\/\/blogg.varldenidag.se\/musik\/shawn-slapper-nytt-tack-vare-fansen\/","title":{"rendered":"Shawn sl\u00e4pper nytt &#8211; tack vare fansen"},"content":{"rendered":"<p><strong>Shawn McDonald\u00a0<\/strong>\u00e4r mannen som inte ens kunde ta ett ackord p\u00e5 en gitarr och som var livr\u00e4dd f\u00f6r att st\u00e5 p\u00e5 en scen, men som briserade som en bomb p\u00e5 den kristna musikscenen n\u00e4r 2000-talet fortfarande var ungt. Med sin singer\/songwriter-stil, sk\u00f6na r\u00f6st och avskalade framtoning visade han att allt \u00e4r m\u00f6jligt f\u00f6r Gud och pl\u00f6tsligt hade hans musik n\u00e5tt l\u00e5ngt utanf\u00f6r hans egna trygga boning.<\/p>\n<p>Sedan dess har\u00a0<strong>Shawn\u00a0<\/strong>gett oss m\u00e5nga minnesv\u00e4rda musikaliska \u00f6gonblick, men sedan 2014 har det varit tyst. Tills nu. Med hj\u00e4lp av s\u00e5 kallad crowd-funding har han skrapat ihop EP:n\u00a0<em>&#8221;The Search&#8221;\u00a0<\/em>som \u00e4ntligen ger fansen lite nytt att tugga i sig. Han sjunger om brinnande passion f\u00f6r Gud, han sjunger om sitt \u00e4ktenskap, och hur han \u00e4n vrider och v\u00e4nder p\u00e5 sina l\u00e5tar s\u00e5 \u00e4r det innerligt, avskalat och n\u00e4ra.\u00a0Ett hett vintertips f\u00f6r alla som \u00e4lskar singer\/songwriter-genren!<\/p>\n<p><strong>Spotify-l\u00e4nk:\u00a0<\/strong>https:\/\/open.spotify.com\/album\/061PLhoBBWi69WbWjPEVWg?si=Ef1yXFu_SUCAzqZkmfTQUg<\/p>\n<p><a href=\"https:\/\/glowingvibe.files.wordpress.com\/2018\/02\/500x500.jpg\"><img loading=\"lazy\" decoding=\"async\" class=\"size-medium wp-image-2818 aligncenter\" src=\"https:\/\/glowingvibe.files.wordpress.com\/2018\/02\/500x500.jpg?w=300\" alt=\"\" width=\"300\" height=\"300\" \/><\/a><\/p>\n","protected":false},"excerpt":{"rendered":"<p>Shawn McDonald\u00a0\u00e4r mannen som inte ens kunde ta ett ackord p\u00e5 en gitarr och som var livr\u00e4dd f\u00f6r att st\u00e5 p\u00e5 en scen, men som briserade som [&hellip;]<\/p>\n","protected":false},"author":15,"featured_media":0,"comment_status":"open","ping_status":"open","sticky":false,"template":"","format":"standard","meta":{"footnotes":"","_links_to":"","_links_to_target":""},"categories":[1],"tags":[],"class_list":["post-3350","post","type-post","status-publish","format-standard","hentry","category-musik"],"_links":{"self":[{"href":"http:\/\/blogg.varldenidag.se\/musik\/wp-json\/wp\/v2\/posts\/3350","targetHints":{"allow":["GET"]}}],"collection":[{"href":"http:\/\/blogg.varldenidag.se\/musik\/wp-json\/wp\/v2\/posts"}],"about":[{"href":"http:\/\/blogg.varldenidag.se\/musik\/wp-json\/wp\/v2\/types\/post"}],"author":[{"embeddable":true,"href":"http:\/\/blogg.varldenidag.se\/musik\/wp-json\/wp\/v2\/users\/15"}],"replies":[{"embeddable":true,"href":"http:\/\/blogg.varldenidag.se\/musik\/wp-json\/wp\/v2\/comments?post=3350"}],"version-history":[{"count":1,"href":"http:\/\/blogg.varldenidag.se\/musik\/wp-json\/wp\/v2\/posts\/3350\/revisions"}],"predecessor-version":[{"id":3351,"href":"http:\/\/blogg.varldenidag.se\/musik\/wp-json\/wp\/v2\/posts\/3350\/revisions\/3351"}],"wp:attachment":[{"href":"http:\/\/blogg.varldenidag.se\/musik\/wp-json\/wp\/v2\/media?parent=3350"}],"wp:term":[{"taxonomy":"category","embeddable":true,"href":"http:\/\/blogg.varldenidag.se\/musik\/wp-json\/wp\/v2\/categories?post=3350"},{"taxonomy":"post_tag","embeddable":true,"href":"http:\/\/blogg.varldenidag.se\/musik\/wp-json\/wp\/v2\/tags?post=3350"}],"curies":[{"name":"wp","href":"https:\/\/api.w.org\/{rel}","templated":true}]}}