{"id":3318,"date":"2018-01-29T00:02:23","date_gmt":"2018-01-28T23:02:23","guid":{"rendered":"http:\/\/blogg.varldenidag.se\/musik\/?p=3318"},"modified":"2018-01-22T20:02:38","modified_gmt":"2018-01-22T19:02:38","slug":"svensk-pop-med-budskap","status":"publish","type":"post","link":"http:\/\/blogg.varldenidag.se\/musik\/svensk-pop-med-budskap\/","title":{"rendered":"Svensk pop med budskap"},"content":{"rendered":"<p>&#8221;V\u00e5r f\u00f6rhoppning att f\u00e5 vara ett ljus i musikbranchen, genom att Jesus f\u00e5r lysa genom oss i det tuffa klimat som ofta \u00e4r, och f\u00e5 visa p\u00e5 annat \u00e4n destruktiva v\u00e4rderingar&#8221; &#8211; s\u00e5 beskriver svenska\u00a0<strong>Captains\u00a0<\/strong>sig sj\u00e4lva.\u00a0Bakom namnet\u00a0<strong>Captains\u00a0<\/strong>d\u00f6ljer sig ett n\u00e4tverk av l\u00e5tskrivare, producenter och s\u00e5ngare som g\u00f6r musik tillsammans.<\/p>\n<p>Projektet startade s\u00e5 sent som i november f\u00f6rra \u00e5ret och har sedan dess bland annat hunnit med att sl\u00e4ppa tv\u00e5 singlar. Och vi gillar det vi h\u00f6r! <strong>Captains <\/strong>bjuder p\u00e5 de tv\u00e5 sp\u00e5ren <em>&#8221;Town&#8221; <\/em>och <em>&#8221;Statue&#8221; <\/em>p\u00e5 snyggt producerad, mjuk, vacker, aningen dr\u00f6msk pop som \u00e4r v\u00e4ldigt l\u00e4tt att \u00e4lska och som b\u00e4rs upp av en stark s\u00e5nginsats. Riktigt bra och med stor mersmak. Sverige levererar!<\/p>\n<p><strong>Spotify-l\u00e4nk:\u00a0<\/strong>https:\/\/open.spotify.com\/track\/1Wplpy78YpCLBnHBEMkRcq<\/p>\n<p><a href=\"https:\/\/glowingvibe.files.wordpress.com\/2018\/01\/1200x630bb.jpg\"><img loading=\"lazy\" decoding=\"async\" class=\"size-medium wp-image-2773 aligncenter\" src=\"https:\/\/glowingvibe.files.wordpress.com\/2018\/01\/1200x630bb.jpg?w=300\" alt=\"\" width=\"300\" height=\"300\" \/><\/a><\/p>\n<p>&nbsp;<\/p>\n<p>&nbsp;<\/p>\n<p>&nbsp;<\/p>\n","protected":false},"excerpt":{"rendered":"<p>&#8221;V\u00e5r f\u00f6rhoppning att f\u00e5 vara ett ljus i musikbranchen, genom att Jesus f\u00e5r lysa genom oss i det tuffa klimat som ofta \u00e4r, och f\u00e5 visa p\u00e5 [&hellip;]<\/p>\n","protected":false},"author":15,"featured_media":0,"comment_status":"open","ping_status":"open","sticky":false,"template":"","format":"standard","meta":{"footnotes":"","_links_to":"","_links_to_target":""},"categories":[1],"tags":[],"class_list":["post-3318","post","type-post","status-publish","format-standard","hentry","category-musik"],"_links":{"self":[{"href":"http:\/\/blogg.varldenidag.se\/musik\/wp-json\/wp\/v2\/posts\/3318","targetHints":{"allow":["GET"]}}],"collection":[{"href":"http:\/\/blogg.varldenidag.se\/musik\/wp-json\/wp\/v2\/posts"}],"about":[{"href":"http:\/\/blogg.varldenidag.se\/musik\/wp-json\/wp\/v2\/types\/post"}],"author":[{"embeddable":true,"href":"http:\/\/blogg.varldenidag.se\/musik\/wp-json\/wp\/v2\/users\/15"}],"replies":[{"embeddable":true,"href":"http:\/\/blogg.varldenidag.se\/musik\/wp-json\/wp\/v2\/comments?post=3318"}],"version-history":[{"count":1,"href":"http:\/\/blogg.varldenidag.se\/musik\/wp-json\/wp\/v2\/posts\/3318\/revisions"}],"predecessor-version":[{"id":3319,"href":"http:\/\/blogg.varldenidag.se\/musik\/wp-json\/wp\/v2\/posts\/3318\/revisions\/3319"}],"wp:attachment":[{"href":"http:\/\/blogg.varldenidag.se\/musik\/wp-json\/wp\/v2\/media?parent=3318"}],"wp:term":[{"taxonomy":"category","embeddable":true,"href":"http:\/\/blogg.varldenidag.se\/musik\/wp-json\/wp\/v2\/categories?post=3318"},{"taxonomy":"post_tag","embeddable":true,"href":"http:\/\/blogg.varldenidag.se\/musik\/wp-json\/wp\/v2\/tags?post=3318"}],"curies":[{"name":"wp","href":"https:\/\/api.w.org\/{rel}","templated":true}]}}