{"id":3315,"date":"2018-01-10T15:00:44","date_gmt":"2018-01-10T14:00:44","guid":{"rendered":"http:\/\/blogg.varldenidag.se\/musik\/?p=3315"},"modified":"2018-01-09T22:33:03","modified_gmt":"2018-01-09T21:33:03","slug":"maktig-pop-nar-hope-slapper-nytt","status":"publish","type":"post","link":"http:\/\/blogg.varldenidag.se\/musik\/maktig-pop-nar-hope-slapper-nytt\/","title":{"rendered":"M\u00e4ktig pop n\u00e4r Hope sl\u00e4pper nytt"},"content":{"rendered":"<p>Det \u00e4r nytt \u00e5r, men det finns en del l\u00e5tar som inte g\u00e5r att l\u00e4mna kvar i 2017 utan som m\u00e5ste tas med in i 2018. Svenska\u00a0<strong>Hope\u00a0<\/strong>imponerade stort n\u00e4r de sl\u00e4ppte sin f\u00f6rsta singel,\u00a0<em>&#8221;Immanuel&#8221;,\u00a0<\/em>ifjol. En sm\u00e5tt fantastisk l\u00e5t, som rankades som nummer fem n\u00e4r vi valde ut de 17 b\u00e4sta l\u00e5tarna fr\u00e5n 2018. Hur f\u00f6ljer man upp en s\u00e5n l\u00e5t? Med\u00a0<em>&#8221;With his love&#8221;,\u00a0<\/em>s\u00e5 klart.<\/p>\n<p>Precis som p\u00e5 f\u00f6rsta singeln s\u00e5 g\u00e5r\u00a0<strong>Hope\u00a0<\/strong>rakt p\u00e5 sak i sina texter, det \u00e4r ingen tvekan om vad budskapet handlar om och det lindas inte in i klyschor eller n\u00e5got du h\u00f6rt f\u00f6rut. Det h\u00e4r \u00e4r rakt p\u00e5 sak. \u00c4rligt. Och n\u00e4r\u00a0<strong>Ther\u00e9se Sandstr\u00f6m\u00a0<\/strong>&#8211; som utg\u00f6r\u00a0<strong>Hope\u00a0<\/strong>tillsammans med sin man\u00a0<strong>Joakim\u00a0<\/strong>&#8211; sjunger s\u00e5 lyssnar man. Det g\u00e5r inte att g\u00f6ra annat. R\u00f6sten, ber\u00e4ttandet och musiken \u00e4r n\u00e5got ut\u00f6ver det vanliga. Det h\u00e4r \u00e4r ett viktigt projekt som kommer g\u00f6ra stor skillnad i m\u00e4nniskors liv &#8211; b\u00e5de i Sverige och l\u00e5ngt utanf\u00f6r landets gr\u00e4nser &#8211; det \u00e4r i alla fall min fasta \u00f6vertygelse. Stor pop som inte f\u00e5r missas!<\/p>\n<p><strong>Spotify-l\u00e4nk:\u00a0<\/strong>https:\/\/open.spotify.com\/album\/5mgiyaFCCvyWsLjhaUqXZj<\/p>\n<p><a href=\"https:\/\/glowingvibe.files.wordpress.com\/2018\/01\/9bfabf_36cd3593d6b94054977625b26f629d98mv2_d_4096_4096_s_4_2.jpg\"><img loading=\"lazy\" decoding=\"async\" class=\"size-medium wp-image-2770 aligncenter\" src=\"https:\/\/glowingvibe.files.wordpress.com\/2018\/01\/9bfabf_36cd3593d6b94054977625b26f629d98mv2_d_4096_4096_s_4_2.jpg?w=300\" alt=\"\" width=\"300\" height=\"300\" \/><\/a><\/p>\n","protected":false},"excerpt":{"rendered":"<p>Det \u00e4r nytt \u00e5r, men det finns en del l\u00e5tar som inte g\u00e5r att l\u00e4mna kvar i 2017 utan som m\u00e5ste tas med in i 2018. Svenska\u00a0Hope\u00a0imponerade [&hellip;]<\/p>\n","protected":false},"author":15,"featured_media":0,"comment_status":"open","ping_status":"open","sticky":false,"template":"","format":"standard","meta":{"footnotes":"","_links_to":"","_links_to_target":""},"categories":[1],"tags":[],"class_list":["post-3315","post","type-post","status-publish","format-standard","hentry","category-musik"],"_links":{"self":[{"href":"http:\/\/blogg.varldenidag.se\/musik\/wp-json\/wp\/v2\/posts\/3315","targetHints":{"allow":["GET"]}}],"collection":[{"href":"http:\/\/blogg.varldenidag.se\/musik\/wp-json\/wp\/v2\/posts"}],"about":[{"href":"http:\/\/blogg.varldenidag.se\/musik\/wp-json\/wp\/v2\/types\/post"}],"author":[{"embeddable":true,"href":"http:\/\/blogg.varldenidag.se\/musik\/wp-json\/wp\/v2\/users\/15"}],"replies":[{"embeddable":true,"href":"http:\/\/blogg.varldenidag.se\/musik\/wp-json\/wp\/v2\/comments?post=3315"}],"version-history":[{"count":1,"href":"http:\/\/blogg.varldenidag.se\/musik\/wp-json\/wp\/v2\/posts\/3315\/revisions"}],"predecessor-version":[{"id":3316,"href":"http:\/\/blogg.varldenidag.se\/musik\/wp-json\/wp\/v2\/posts\/3315\/revisions\/3316"}],"wp:attachment":[{"href":"http:\/\/blogg.varldenidag.se\/musik\/wp-json\/wp\/v2\/media?parent=3315"}],"wp:term":[{"taxonomy":"category","embeddable":true,"href":"http:\/\/blogg.varldenidag.se\/musik\/wp-json\/wp\/v2\/categories?post=3315"},{"taxonomy":"post_tag","embeddable":true,"href":"http:\/\/blogg.varldenidag.se\/musik\/wp-json\/wp\/v2\/tags?post=3315"}],"curies":[{"name":"wp","href":"https:\/\/api.w.org\/{rel}","templated":true}]}}