{"id":3307,"date":"2018-01-23T00:35:44","date_gmt":"2018-01-22T23:35:44","guid":{"rendered":"http:\/\/blogg.varldenidag.se\/musik\/?p=3307"},"modified":"2018-01-09T21:35:58","modified_gmt":"2018-01-09T20:35:58","slug":"radiopop-fran-mass-anthem","status":"publish","type":"post","link":"http:\/\/blogg.varldenidag.se\/musik\/radiopop-fran-mass-anthem\/","title":{"rendered":"Radiopop fr\u00e5n Mass Anthem"},"content":{"rendered":"<p>De tre grabbarna i\u00a0<strong>Mass Anthem\u00a0<\/strong>har gjort som s\u00e5 m\u00e5nga andra i den kristna musikindustrin p\u00e5 andra sidan Atlanten &#8211; flyttat till Nashville f\u00f6r att satsa p\u00e5 sin musik. Och det verkar ha lyckats. Under h\u00f6sten signerade bandet ett skivkontrakt och med l\u00e5ten\u00a0<em>&#8221;Through People Like Me&#8221;\u00a0<\/em>som dragpl\u00e5ster under f\u00f6rra \u00e5ret tycks framtiden te sig ljus f\u00f6r trion,.<\/p>\n<p><em>&#8221;Through people like me&#8221;\u00a0<\/em>\u00e4r en klassisk CCM-hit, som skapt f\u00f6r att r\u00f6na framg\u00e5ngar p\u00e5 radiolistorna. Men det finns samtidigt en text som \u00e4r v\u00e4rd att lyssna in och ber\u00f6ras av. Enkelt och l\u00e4ttlyssnat &#8211; och klistrande. Du l\u00e4r s\u00e4kert h\u00f6ra mer fr\u00e5n\u00a0<strong>Mass Anthem\u00a0<\/strong>i framtiden!<\/p>\n<p><strong>Spotify-l\u00e4nk:\u00a0<\/strong>https:\/\/open.spotify.com\/track\/0fnKO5iqcHNN62gbPuXN7g<\/p>\n<p><a href=\"https:\/\/glowingvibe.files.wordpress.com\/2018\/01\/mass-anthem-through-people-like-me-2017.jpg\"><img loading=\"lazy\" decoding=\"async\" class=\"size-medium wp-image-2755 aligncenter\" src=\"https:\/\/glowingvibe.files.wordpress.com\/2018\/01\/mass-anthem-through-people-like-me-2017.jpg?w=300\" alt=\"\" width=\"300\" height=\"300\" \/><\/a><\/p>\n","protected":false},"excerpt":{"rendered":"<p>De tre grabbarna i\u00a0Mass Anthem\u00a0har gjort som s\u00e5 m\u00e5nga andra i den kristna musikindustrin p\u00e5 andra sidan Atlanten &#8211; flyttat till Nashville f\u00f6r att satsa p\u00e5 sin [&hellip;]<\/p>\n","protected":false},"author":15,"featured_media":0,"comment_status":"open","ping_status":"open","sticky":false,"template":"","format":"standard","meta":{"footnotes":"","_links_to":"","_links_to_target":""},"categories":[1],"tags":[],"class_list":["post-3307","post","type-post","status-publish","format-standard","hentry","category-musik"],"_links":{"self":[{"href":"http:\/\/blogg.varldenidag.se\/musik\/wp-json\/wp\/v2\/posts\/3307","targetHints":{"allow":["GET"]}}],"collection":[{"href":"http:\/\/blogg.varldenidag.se\/musik\/wp-json\/wp\/v2\/posts"}],"about":[{"href":"http:\/\/blogg.varldenidag.se\/musik\/wp-json\/wp\/v2\/types\/post"}],"author":[{"embeddable":true,"href":"http:\/\/blogg.varldenidag.se\/musik\/wp-json\/wp\/v2\/users\/15"}],"replies":[{"embeddable":true,"href":"http:\/\/blogg.varldenidag.se\/musik\/wp-json\/wp\/v2\/comments?post=3307"}],"version-history":[{"count":1,"href":"http:\/\/blogg.varldenidag.se\/musik\/wp-json\/wp\/v2\/posts\/3307\/revisions"}],"predecessor-version":[{"id":3308,"href":"http:\/\/blogg.varldenidag.se\/musik\/wp-json\/wp\/v2\/posts\/3307\/revisions\/3308"}],"wp:attachment":[{"href":"http:\/\/blogg.varldenidag.se\/musik\/wp-json\/wp\/v2\/media?parent=3307"}],"wp:term":[{"taxonomy":"category","embeddable":true,"href":"http:\/\/blogg.varldenidag.se\/musik\/wp-json\/wp\/v2\/categories?post=3307"},{"taxonomy":"post_tag","embeddable":true,"href":"http:\/\/blogg.varldenidag.se\/musik\/wp-json\/wp\/v2\/tags?post=3307"}],"curies":[{"name":"wp","href":"https:\/\/api.w.org\/{rel}","templated":true}]}}