{"id":3294,"date":"2018-01-11T00:55:48","date_gmt":"2018-01-10T23:55:48","guid":{"rendered":"http:\/\/blogg.varldenidag.se\/musik\/?p=3294"},"modified":"2018-01-09T19:56:06","modified_gmt":"2018-01-09T18:56:06","slug":"dromsk-popparla-fran-lovecollide","status":"publish","type":"post","link":"http:\/\/blogg.varldenidag.se\/musik\/dromsk-popparla-fran-lovecollide\/","title":{"rendered":"Dr\u00f6msk popp\u00e4rla fr\u00e5n LoveCollide"},"content":{"rendered":"<p>Amerikanska\u00a0<strong>LoveCollide\u00a0<\/strong>har f\u00f6rmodligen g\u00e5tt de flesta f\u00f6rbi, men nu \u00e4r det dags att s\u00e4tta spotlighten p\u00e5 denna duo. Bakom namnet g\u00f6mmer sig de tv\u00e5 systrarna\u00a0<strong>Brooke\u00a0<\/strong>och\u00a0<strong>Lauren DeLeary\u00a0<\/strong>som 2011 b\u00f6rjade skapa musik under namnet\u00a0<strong>The Delearys,\u00a0<\/strong>men som p\u00e5 senare tid v\u00e4xlat om till namnet\u00a0<strong>LoveCollide.<\/strong><\/p>\n<p>I slutet av f\u00f6rra \u00e5ret sl\u00e4ppte de singeln\u00a0<em>&#8221;I Don&#8217;t Want It&#8221;,\u00a0<\/em>en riktigt gnistrande popp\u00e4rla som inte g\u00e5r att l\u00e5ta bli att \u00e4lska. En lite dr\u00f6msk godbit med en refr\u00e4ng som kommer f\u00e5 den att bli en \u00e5terkommande g\u00e4st i dina spellistor. Missa icke!<\/p>\n<p><strong>Spotify-l\u00e4nk:\u00a0<\/strong>https:\/\/open.spotify.com\/track\/7bfVcFad7Qbf7yLzCZ4nZ2<\/p>\n<p><a href=\"https:\/\/glowingvibe.files.wordpress.com\/2018\/01\/500x5002.jpg\"><img loading=\"lazy\" decoding=\"async\" class=\"size-medium wp-image-2733 aligncenter\" src=\"https:\/\/glowingvibe.files.wordpress.com\/2018\/01\/500x5002.jpg?w=300\" alt=\"\" width=\"300\" height=\"300\" \/><\/a><\/p>\n","protected":false},"excerpt":{"rendered":"<p>Amerikanska\u00a0LoveCollide\u00a0har f\u00f6rmodligen g\u00e5tt de flesta f\u00f6rbi, men nu \u00e4r det dags att s\u00e4tta spotlighten p\u00e5 denna duo. Bakom namnet g\u00f6mmer sig de tv\u00e5 systrarna\u00a0Brooke\u00a0och\u00a0Lauren DeLeary\u00a0som 2011 b\u00f6rjade [&hellip;]<\/p>\n","protected":false},"author":15,"featured_media":0,"comment_status":"open","ping_status":"open","sticky":false,"template":"","format":"standard","meta":{"footnotes":"","_links_to":"","_links_to_target":""},"categories":[1],"tags":[],"class_list":["post-3294","post","type-post","status-publish","format-standard","hentry","category-musik"],"_links":{"self":[{"href":"http:\/\/blogg.varldenidag.se\/musik\/wp-json\/wp\/v2\/posts\/3294","targetHints":{"allow":["GET"]}}],"collection":[{"href":"http:\/\/blogg.varldenidag.se\/musik\/wp-json\/wp\/v2\/posts"}],"about":[{"href":"http:\/\/blogg.varldenidag.se\/musik\/wp-json\/wp\/v2\/types\/post"}],"author":[{"embeddable":true,"href":"http:\/\/blogg.varldenidag.se\/musik\/wp-json\/wp\/v2\/users\/15"}],"replies":[{"embeddable":true,"href":"http:\/\/blogg.varldenidag.se\/musik\/wp-json\/wp\/v2\/comments?post=3294"}],"version-history":[{"count":1,"href":"http:\/\/blogg.varldenidag.se\/musik\/wp-json\/wp\/v2\/posts\/3294\/revisions"}],"predecessor-version":[{"id":3295,"href":"http:\/\/blogg.varldenidag.se\/musik\/wp-json\/wp\/v2\/posts\/3294\/revisions\/3295"}],"wp:attachment":[{"href":"http:\/\/blogg.varldenidag.se\/musik\/wp-json\/wp\/v2\/media?parent=3294"}],"wp:term":[{"taxonomy":"category","embeddable":true,"href":"http:\/\/blogg.varldenidag.se\/musik\/wp-json\/wp\/v2\/categories?post=3294"},{"taxonomy":"post_tag","embeddable":true,"href":"http:\/\/blogg.varldenidag.se\/musik\/wp-json\/wp\/v2\/tags?post=3294"}],"curies":[{"name":"wp","href":"https:\/\/api.w.org\/{rel}","templated":true}]}}