{"id":3292,"date":"2018-01-09T19:31:46","date_gmt":"2018-01-09T18:31:46","guid":{"rendered":"http:\/\/blogg.varldenidag.se\/musik\/?p=3292"},"modified":"2018-01-09T19:31:46","modified_gmt":"2018-01-09T18:31:46","slug":"tobymac-rivstartar-2018","status":"publish","type":"post","link":"http:\/\/blogg.varldenidag.se\/musik\/tobymac-rivstartar-2018\/","title":{"rendered":"TobyMac rivstartar 2018"},"content":{"rendered":"<p>Knappt hade vi hunnit l\u00e4ra oss att skriva 2018 innan en dr\u00f6s sk\u00f6na releaser s\u00e5g dagens ljus. I br\u00e4schen bland de f\u00f6rsta p\u00e5 de nya \u00e5ret g\u00e5r ingen mindre \u00e4n giganten, legenden och den eviga hitmaskinen &#8211;\u00a0<strong>TobyMac.\u00a0<\/strong>Det \u00e4r v\u00e4l ingen som numer ifr\u00e5gas\u00e4tter hans f\u00f6rm\u00e5ga n\u00e4r det kommer till l\u00e5tskrivande, och det \u00e4r knappast n\u00e5gon som kommer g\u00f6ra det efter nya\u00a0<em>&#8221;I just need U&#8221;\u00a0<\/em>heller. Men s\u00e5 l\u00e4r ju herr\u00a0<strong>Mac\u00a0<\/strong>vara en perfektionist ocks\u00e5.<\/p>\n<p>Nya singeln \u00e4r en v\u00e4lljudande fulltr\u00e4ff som er\u00f6vrar ljudkanalerna i huvudet direkt. En l\u00e5t med sk\u00f6n produktion, en gospeldoftande refr\u00e4ng &#8211; och som vanligt en text som inte beh\u00f6ver n\u00e5gon djupare f\u00f6rklaring f\u00f6r att f\u00f6rst\u00e5s. Rakt p\u00e5 sak, sylvasst och klistrande &#8211; det \u00e4r bara att konstatera att\u00a0<strong>TobyMac\u00a0<\/strong>har lyckats. Igen,<\/p>\n<p><strong>Spotify-l\u00e4nk:\u00a0<\/strong>https:\/\/open.spotify.com\/track\/68XsruvpMeKXrbtG3dASIN<\/p>\n<p><strong>Youtube-l\u00e4nk:\u00a0<\/strong>https:\/\/www.youtube.com\/watch?v=BfbIoUMdKZ0<\/p>\n<p><a href=\"https:\/\/glowingvibe.files.wordpress.com\/2018\/01\/268x0w.jpg\"><img loading=\"lazy\" decoding=\"async\" class=\"size-full wp-image-2729 aligncenter\" src=\"https:\/\/glowingvibe.files.wordpress.com\/2018\/01\/268x0w.jpg\" alt=\"\" width=\"268\" height=\"268\" \/><\/a><\/p>\n","protected":false},"excerpt":{"rendered":"<p>Knappt hade vi hunnit l\u00e4ra oss att skriva 2018 innan en dr\u00f6s sk\u00f6na releaser s\u00e5g dagens ljus. I br\u00e4schen bland de f\u00f6rsta p\u00e5 de nya \u00e5ret g\u00e5r [&hellip;]<\/p>\n","protected":false},"author":15,"featured_media":0,"comment_status":"open","ping_status":"open","sticky":false,"template":"","format":"standard","meta":{"footnotes":"","_links_to":"","_links_to_target":""},"categories":[1],"tags":[],"class_list":["post-3292","post","type-post","status-publish","format-standard","hentry","category-musik"],"_links":{"self":[{"href":"http:\/\/blogg.varldenidag.se\/musik\/wp-json\/wp\/v2\/posts\/3292","targetHints":{"allow":["GET"]}}],"collection":[{"href":"http:\/\/blogg.varldenidag.se\/musik\/wp-json\/wp\/v2\/posts"}],"about":[{"href":"http:\/\/blogg.varldenidag.se\/musik\/wp-json\/wp\/v2\/types\/post"}],"author":[{"embeddable":true,"href":"http:\/\/blogg.varldenidag.se\/musik\/wp-json\/wp\/v2\/users\/15"}],"replies":[{"embeddable":true,"href":"http:\/\/blogg.varldenidag.se\/musik\/wp-json\/wp\/v2\/comments?post=3292"}],"version-history":[{"count":1,"href":"http:\/\/blogg.varldenidag.se\/musik\/wp-json\/wp\/v2\/posts\/3292\/revisions"}],"predecessor-version":[{"id":3293,"href":"http:\/\/blogg.varldenidag.se\/musik\/wp-json\/wp\/v2\/posts\/3292\/revisions\/3293"}],"wp:attachment":[{"href":"http:\/\/blogg.varldenidag.se\/musik\/wp-json\/wp\/v2\/media?parent=3292"}],"wp:term":[{"taxonomy":"category","embeddable":true,"href":"http:\/\/blogg.varldenidag.se\/musik\/wp-json\/wp\/v2\/categories?post=3292"},{"taxonomy":"post_tag","embeddable":true,"href":"http:\/\/blogg.varldenidag.se\/musik\/wp-json\/wp\/v2\/tags?post=3292"}],"curies":[{"name":"wp","href":"https:\/\/api.w.org\/{rel}","templated":true}]}}