{"id":3283,"date":"2017-12-31T00:57:07","date_gmt":"2017-12-30T23:57:07","guid":{"rendered":"http:\/\/blogg.varldenidag.se\/musik\/?p=3283"},"modified":"2017-12-11T22:01:54","modified_gmt":"2017-12-11T21:01:54","slug":"vibe-topp-17-2017-plats-1","status":"publish","type":"post","link":"http:\/\/blogg.varldenidag.se\/musik\/vibe-topp-17-2017-plats-1\/","title":{"rendered":"Vibe Topp 17 2017: Plats 1"},"content":{"rendered":"<p>Det \u00e4r dags.<br \/>\nDet \u00e5terst\u00e5r bara n\u00e5gra sk\u00e4lvande timmar av 2017 &#8211; ett \u00e5r som visat sig bli ett hejdundrandes \u00e5r n\u00e4r det kommit till kristen musik. Det var l\u00e4ngesen det sl\u00e4pptes s\u00e5 mycket bra musik som under detta \u00e5r och att f\u00f6rs\u00f6ka g\u00f6ra en topplista \u00f6ver de b\u00e4sta l\u00e5tarna har varit en sm\u00e5tt om\u00f6jlig uppgift.<\/p>\n<p>Vi har lyssnat igenom \u00f6ver 3 600 l\u00e5tar fr\u00e5n 1 600 artister under \u00e5ret f\u00f6r att vaska fram de d\u00e4r riktiga guldkornen att f\u00f6rmedla till er v\u00e5ra l\u00e4sare och f\u00f6ljare &#8211; och har till slut korat en vinnare. Det \u00e4r en riktig doldis det handlar om, men hans l\u00e5t \u00e4r icke desto mindre faktiskt helt sansl\u00f6st bra.<\/p>\n<p><strong>John Tibbs\u00a0<\/strong>\u00e4r mannen bakom vinnaren i \u00e5rets nedr\u00e4kning med sin\u00a0<em>&#8221;Won&#8217;t Let You Go&#8221;.\u00a0<\/em>Det \u00e4r inte bara en otroligt medryckande och inspirerande l\u00e5t &#8211; det rymmer ocks\u00e5 \u00e5rets b\u00e4sta refr\u00e4ng. Det \u00e4r n\u00e5got med l\u00e5ten som inte g\u00e5r att sl\u00e4ppa, och som f\u00e5r den att spelas om och om och om.\u00a0<strong>Tibbs\u00a0<\/strong>m\u00e5 vara en doldis \u00e4n s\u00e5 l\u00e4nge &#8211; men sannolikt inte s\u00e5 l\u00e4nge till. L\u00e5ten \u00e4r f\u00f6r \u00f6vrigt h\u00e4mtad fr\u00e5n hans EP\u00a0<em>&#8221;Heartland&#8221;,\u00a0<\/em>uppf\u00f6ljaren till debutskivan\u00a0<em>&#8221;Dead Man Walking&#8221;,\u00a0<\/em>som gjort att\u00a0<strong>Tibbs\u00a0<\/strong>redan sitter p\u00e5 n\u00e5got av en l\u00e5tskatt. Hans underbara lovs\u00e5ng\u00a0<em>&#8221;Shepherd&#8221;\u00a0<\/em>hade ocks\u00e5 kunnat placera sig h\u00f6gt p\u00e5 denna lista &#8211; men\u00a0<em>&#8221;Won&#8217;t Let Me Go&#8221;\u00a0<\/em>\u00e4r sn\u00e4ppet vassade.<\/p>\n<p>Grattis <strong>Tibbs<\/strong> &#8211; vi l\u00e4ngtar redan efter att h\u00f6ra mer fr\u00e5n dig!<\/p>\n<p><strong>Spotify-l\u00e4nk: <\/strong>https:\/\/open.spotify.com\/track\/1ThsJ2opzSqhNIXqIpUnaU<\/p>\n<p><strong>Youtube-l\u00e4nk:\u00a0<\/strong>https:\/\/www.youtube.com\/watch?v=g24D5i1yOBw<\/p>\n<p>&nbsp;<\/p>\n<p><a href=\"https:\/\/glowingvibe.files.wordpress.com\/2017\/11\/news_img_s_1505533515.jpg\"><img loading=\"lazy\" decoding=\"async\" class=\"size-medium wp-image-2639 aligncenter\" src=\"https:\/\/glowingvibe.files.wordpress.com\/2017\/11\/news_img_s_1505533515.jpg?w=298\" alt=\"\" width=\"298\" height=\"300\" \/><\/a><\/p>\n<p>Psst&#8230; hela spellistan Vibe Topp 17 2017 hittar du h\u00e4r:\u00a0https:\/\/open.spotify.com\/user\/coturnix\/playlist\/4SYJlVNqlWCecqZ3AzukZh<\/p>\n","protected":false},"excerpt":{"rendered":"<p>Det \u00e4r dags. Det \u00e5terst\u00e5r bara n\u00e5gra sk\u00e4lvande timmar av 2017 &#8211; ett \u00e5r som visat sig bli ett hejdundrandes \u00e5r n\u00e4r det kommit till kristen musik. [&hellip;]<\/p>\n","protected":false},"author":15,"featured_media":0,"comment_status":"open","ping_status":"open","sticky":false,"template":"","format":"standard","meta":{"footnotes":"","_links_to":"","_links_to_target":""},"categories":[1],"tags":[],"class_list":["post-3283","post","type-post","status-publish","format-standard","hentry","category-musik"],"_links":{"self":[{"href":"http:\/\/blogg.varldenidag.se\/musik\/wp-json\/wp\/v2\/posts\/3283","targetHints":{"allow":["GET"]}}],"collection":[{"href":"http:\/\/blogg.varldenidag.se\/musik\/wp-json\/wp\/v2\/posts"}],"about":[{"href":"http:\/\/blogg.varldenidag.se\/musik\/wp-json\/wp\/v2\/types\/post"}],"author":[{"embeddable":true,"href":"http:\/\/blogg.varldenidag.se\/musik\/wp-json\/wp\/v2\/users\/15"}],"replies":[{"embeddable":true,"href":"http:\/\/blogg.varldenidag.se\/musik\/wp-json\/wp\/v2\/comments?post=3283"}],"version-history":[{"count":3,"href":"http:\/\/blogg.varldenidag.se\/musik\/wp-json\/wp\/v2\/posts\/3283\/revisions"}],"predecessor-version":[{"id":3286,"href":"http:\/\/blogg.varldenidag.se\/musik\/wp-json\/wp\/v2\/posts\/3283\/revisions\/3286"}],"wp:attachment":[{"href":"http:\/\/blogg.varldenidag.se\/musik\/wp-json\/wp\/v2\/media?parent=3283"}],"wp:term":[{"taxonomy":"category","embeddable":true,"href":"http:\/\/blogg.varldenidag.se\/musik\/wp-json\/wp\/v2\/categories?post=3283"},{"taxonomy":"post_tag","embeddable":true,"href":"http:\/\/blogg.varldenidag.se\/musik\/wp-json\/wp\/v2\/tags?post=3283"}],"curies":[{"name":"wp","href":"https:\/\/api.w.org\/{rel}","templated":true}]}}