{"id":3240,"date":"2017-12-08T00:49:02","date_gmt":"2017-12-07T23:49:02","guid":{"rendered":"http:\/\/blogg.varldenidag.se\/musik\/?p=3240"},"modified":"2017-11-27T20:49:29","modified_gmt":"2017-11-27T19:49:29","slug":"svrcina-ger-rysningar","status":"publish","type":"post","link":"http:\/\/blogg.varldenidag.se\/musik\/svrcina-ger-rysningar\/","title":{"rendered":"Svrcina ger rysningar"},"content":{"rendered":"<p>Det \u00e4r inte s\u00e5 l\u00e4nge sedan vi tipsade om nya sp\u00e4nnande artisten\u00a0<strong>Svcrina\u00a0<\/strong>(som uttalas Sur-Cee-Nah), d\u00e5 aktuell med sin\u00a0<em>&#8221;Deeper&#8221;.\u00a0<\/em>Men det vore faktiskt tj\u00e4nstefel att inte tipsa \u00e4ven om hennes nya singel\u00a0<em>&#8221;Steady&#8221;.\u00a0<\/em>Med en s\u00e5nginsats som ger rysningar och en text och k\u00e4nsla som griper tag s\u00e5 g\u00e5r det h\u00e4r inte att p\u00e5 n\u00e5got s\u00e4tt motst\u00e5.<\/p>\n<p><strong>Svcrina\u00a0<\/strong>bevisar &#8211; liksom p\u00e5 f\u00f6rra singeln &#8211; att hon b\u00e5de \u00e4r ett musikaliskt geni och ett stort framtidsnamn. Det h\u00e4r \u00e4r sylvasst &#8211; rakt igenom. Missa ej!<\/p>\n<p><strong>Spotify-l\u00e4nk:\u00a0<\/strong>https:\/\/open.spotify.com\/track\/65KB0pj23yWHLxUAYzdKqT<\/p>\n<p><strong>Youtube-l\u00e4nk:<\/strong>\u00a0https:\/\/www.youtube.com\/watch?v=0dKEf1tv9PU<\/p>\n<p><a href=\"https:\/\/glowingvibe.files.wordpress.com\/2017\/11\/untitled.png\"><img loading=\"lazy\" decoding=\"async\" class=\"size-full wp-image-2668 aligncenter\" src=\"https:\/\/glowingvibe.files.wordpress.com\/2017\/11\/untitled.png\" alt=\"\" width=\"225\" height=\"225\" \/><\/a><\/p>\n","protected":false},"excerpt":{"rendered":"<p>Det \u00e4r inte s\u00e5 l\u00e4nge sedan vi tipsade om nya sp\u00e4nnande artisten\u00a0Svcrina\u00a0(som uttalas Sur-Cee-Nah), d\u00e5 aktuell med sin\u00a0&#8221;Deeper&#8221;.\u00a0Men det vore faktiskt tj\u00e4nstefel att inte tipsa \u00e4ven om [&hellip;]<\/p>\n","protected":false},"author":15,"featured_media":0,"comment_status":"open","ping_status":"open","sticky":false,"template":"","format":"standard","meta":{"footnotes":"","_links_to":"","_links_to_target":""},"categories":[1],"tags":[],"class_list":["post-3240","post","type-post","status-publish","format-standard","hentry","category-musik"],"_links":{"self":[{"href":"http:\/\/blogg.varldenidag.se\/musik\/wp-json\/wp\/v2\/posts\/3240","targetHints":{"allow":["GET"]}}],"collection":[{"href":"http:\/\/blogg.varldenidag.se\/musik\/wp-json\/wp\/v2\/posts"}],"about":[{"href":"http:\/\/blogg.varldenidag.se\/musik\/wp-json\/wp\/v2\/types\/post"}],"author":[{"embeddable":true,"href":"http:\/\/blogg.varldenidag.se\/musik\/wp-json\/wp\/v2\/users\/15"}],"replies":[{"embeddable":true,"href":"http:\/\/blogg.varldenidag.se\/musik\/wp-json\/wp\/v2\/comments?post=3240"}],"version-history":[{"count":1,"href":"http:\/\/blogg.varldenidag.se\/musik\/wp-json\/wp\/v2\/posts\/3240\/revisions"}],"predecessor-version":[{"id":3241,"href":"http:\/\/blogg.varldenidag.se\/musik\/wp-json\/wp\/v2\/posts\/3240\/revisions\/3241"}],"wp:attachment":[{"href":"http:\/\/blogg.varldenidag.se\/musik\/wp-json\/wp\/v2\/media?parent=3240"}],"wp:term":[{"taxonomy":"category","embeddable":true,"href":"http:\/\/blogg.varldenidag.se\/musik\/wp-json\/wp\/v2\/categories?post=3240"},{"taxonomy":"post_tag","embeddable":true,"href":"http:\/\/blogg.varldenidag.se\/musik\/wp-json\/wp\/v2\/tags?post=3240"}],"curies":[{"name":"wp","href":"https:\/\/api.w.org\/{rel}","templated":true}]}}