{"id":3226,"date":"2017-11-07T21:42:58","date_gmt":"2017-11-07T20:42:58","guid":{"rendered":"http:\/\/blogg.varldenidag.se\/musik\/?p=3226"},"modified":"2017-11-07T21:42:58","modified_gmt":"2017-11-07T20:42:58","slug":"spellistan-med-det-basta-just-nu","status":"publish","type":"post","link":"http:\/\/blogg.varldenidag.se\/musik\/spellistan-med-det-basta-just-nu\/","title":{"rendered":"Spellistan med det b\u00e4sta just nu!"},"content":{"rendered":"<p>Vill du hela tiden uppt\u00e4cka pinf\u00e4rsk musik? Se till att f\u00f6lja v\u00e5r lista <strong>Vibe Fresh <\/strong>p\u00e5 Spotify! D\u00e4r f\u00e5r du l\u00f6pande uppdateringar p\u00e5 ny musik som du inte f\u00e5r missa. Du hittar listan via l\u00e4nken nedan.<\/p>\n<div class=\"video-container\"><iframe title=\"Spotify Embed: Vibe Fresh\" style=\"border-radius: 12px\" width=\"100%\" height=\"352\" frameborder=\"0\" allowfullscreen allow=\"autoplay; clipboard-write; encrypted-media; fullscreen; picture-in-picture\" loading=\"lazy\" src=\"https:\/\/open.spotify.com\/embed\/playlist\/3S9KzdLjzBW1PmvzSbcdQf?utm_source=oembed\"><\/iframe><\/div>\n","protected":false},"excerpt":{"rendered":"<p>Vill du hela tiden uppt\u00e4cka pinf\u00e4rsk musik? Se till att f\u00f6lja v\u00e5r lista Vibe Fresh p\u00e5 Spotify! D\u00e4r f\u00e5r du l\u00f6pande uppdateringar p\u00e5 ny musik som du [&hellip;]<\/p>\n","protected":false},"author":15,"featured_media":0,"comment_status":"open","ping_status":"open","sticky":false,"template":"","format":"standard","meta":{"footnotes":"","_links_to":"","_links_to_target":""},"categories":[1],"tags":[],"class_list":["post-3226","post","type-post","status-publish","format-standard","hentry","category-musik"],"_links":{"self":[{"href":"http:\/\/blogg.varldenidag.se\/musik\/wp-json\/wp\/v2\/posts\/3226","targetHints":{"allow":["GET"]}}],"collection":[{"href":"http:\/\/blogg.varldenidag.se\/musik\/wp-json\/wp\/v2\/posts"}],"about":[{"href":"http:\/\/blogg.varldenidag.se\/musik\/wp-json\/wp\/v2\/types\/post"}],"author":[{"embeddable":true,"href":"http:\/\/blogg.varldenidag.se\/musik\/wp-json\/wp\/v2\/users\/15"}],"replies":[{"embeddable":true,"href":"http:\/\/blogg.varldenidag.se\/musik\/wp-json\/wp\/v2\/comments?post=3226"}],"version-history":[{"count":1,"href":"http:\/\/blogg.varldenidag.se\/musik\/wp-json\/wp\/v2\/posts\/3226\/revisions"}],"predecessor-version":[{"id":3227,"href":"http:\/\/blogg.varldenidag.se\/musik\/wp-json\/wp\/v2\/posts\/3226\/revisions\/3227"}],"wp:attachment":[{"href":"http:\/\/blogg.varldenidag.se\/musik\/wp-json\/wp\/v2\/media?parent=3226"}],"wp:term":[{"taxonomy":"category","embeddable":true,"href":"http:\/\/blogg.varldenidag.se\/musik\/wp-json\/wp\/v2\/categories?post=3226"},{"taxonomy":"post_tag","embeddable":true,"href":"http:\/\/blogg.varldenidag.se\/musik\/wp-json\/wp\/v2\/tags?post=3226"}],"curies":[{"name":"wp","href":"https:\/\/api.w.org\/{rel}","templated":true}]}}