{"id":3211,"date":"2017-11-16T00:00:41","date_gmt":"2017-11-15T23:00:41","guid":{"rendered":"http:\/\/blogg.varldenidag.se\/musik\/?p=3211"},"modified":"2017-11-07T20:00:58","modified_gmt":"2017-11-07T19:00:58","slug":"lauren-daigle-lyfter-switchfoot-lat","status":"publish","type":"post","link":"http:\/\/blogg.varldenidag.se\/musik\/lauren-daigle-lyfter-switchfoot-lat\/","title":{"rendered":"Lauren Daigle lyfter Switchfoot-l\u00e5t"},"content":{"rendered":"<p>F\u00f6rra \u00e5ret sl\u00e4ppte San Diego-bandet <strong>Switchfoot <\/strong>sin skiva <em>&#8221;Where the light shines through&#8221; <\/em>&#8211; och som vanligt hade grabbarna sp\u00e4ckat skivan med grymmens bra l\u00e5tar. En av l\u00e5tarna &#8211; den nedtonade och finst\u00e4mda <em>&#8221;I Won&#8217;t Let You Go&#8221; <\/em>har nu f\u00f6r\u00e4rats en ny kostym genom ett samarbete med s\u00e5ngf\u00e5geln <strong>Lauren Daigle. <\/strong>Tillsammans tar de l\u00e5ten till en helt ny niv\u00e5, med starka s\u00e5nginsatser fr\u00e5n b\u00e5de <strong>Lauren <\/strong><strong>Daigle <\/strong>och <strong>Jon Foreman <\/strong>och pl\u00f6tsligt blev l\u00e5ten ett par sn\u00e4pp b\u00e4ttre. Ett riktigt vackert och lyckat samarbete!<\/p>\n<p><strong>Spotify-l\u00e4nk: <\/strong>https:\/\/open.spotify.com\/track\/0rcAHpTFuadqqqtfDbzKlD<\/p>\n<p><strong>Youtube-l\u00e4nk: <\/strong>https:\/\/www.youtube.com\/watch?v=FbpOoJeywww<\/p>\n<p><a href=\"https:\/\/glowingvibe.files.wordpress.com\/2017\/11\/b0ed995c6b04079c8af649188a1cbe02-1000x1000x1.jpg\"><img loading=\"lazy\" decoding=\"async\" class=\"size-medium wp-image-2630 aligncenter\" src=\"https:\/\/glowingvibe.files.wordpress.com\/2017\/11\/b0ed995c6b04079c8af649188a1cbe02-1000x1000x1.jpg?w=300\" alt=\"\" width=\"300\" height=\"300\" \/><\/a><\/p>\n","protected":false},"excerpt":{"rendered":"<p>F\u00f6rra \u00e5ret sl\u00e4ppte San Diego-bandet Switchfoot sin skiva &#8221;Where the light shines through&#8221; &#8211; och som vanligt hade grabbarna sp\u00e4ckat skivan med grymmens bra l\u00e5tar. En av [&hellip;]<\/p>\n","protected":false},"author":15,"featured_media":0,"comment_status":"open","ping_status":"open","sticky":false,"template":"","format":"standard","meta":{"footnotes":"","_links_to":"","_links_to_target":""},"categories":[1],"tags":[],"class_list":["post-3211","post","type-post","status-publish","format-standard","hentry","category-musik"],"_links":{"self":[{"href":"http:\/\/blogg.varldenidag.se\/musik\/wp-json\/wp\/v2\/posts\/3211","targetHints":{"allow":["GET"]}}],"collection":[{"href":"http:\/\/blogg.varldenidag.se\/musik\/wp-json\/wp\/v2\/posts"}],"about":[{"href":"http:\/\/blogg.varldenidag.se\/musik\/wp-json\/wp\/v2\/types\/post"}],"author":[{"embeddable":true,"href":"http:\/\/blogg.varldenidag.se\/musik\/wp-json\/wp\/v2\/users\/15"}],"replies":[{"embeddable":true,"href":"http:\/\/blogg.varldenidag.se\/musik\/wp-json\/wp\/v2\/comments?post=3211"}],"version-history":[{"count":1,"href":"http:\/\/blogg.varldenidag.se\/musik\/wp-json\/wp\/v2\/posts\/3211\/revisions"}],"predecessor-version":[{"id":3212,"href":"http:\/\/blogg.varldenidag.se\/musik\/wp-json\/wp\/v2\/posts\/3211\/revisions\/3212"}],"wp:attachment":[{"href":"http:\/\/blogg.varldenidag.se\/musik\/wp-json\/wp\/v2\/media?parent=3211"}],"wp:term":[{"taxonomy":"category","embeddable":true,"href":"http:\/\/blogg.varldenidag.se\/musik\/wp-json\/wp\/v2\/categories?post=3211"},{"taxonomy":"post_tag","embeddable":true,"href":"http:\/\/blogg.varldenidag.se\/musik\/wp-json\/wp\/v2\/tags?post=3211"}],"curies":[{"name":"wp","href":"https:\/\/api.w.org\/{rel}","templated":true}]}}