{"id":3209,"date":"2017-11-14T00:52:49","date_gmt":"2017-11-13T23:52:49","guid":{"rendered":"http:\/\/blogg.varldenidag.se\/musik\/?p=3209"},"modified":"2017-11-07T19:53:11","modified_gmt":"2017-11-07T18:53:11","slug":"lovsang-pa-helt-nytt-satt","status":"publish","type":"post","link":"http:\/\/blogg.varldenidag.se\/musik\/lovsang-pa-helt-nytt-satt\/","title":{"rendered":"Lovs\u00e5ng p\u00e5 helt nytt s\u00e4tt"},"content":{"rendered":"<p>Engelska <strong>WYLD <\/strong>&#8211; som tidigare kallade sig f\u00f6r This &#8211; g\u00f6r allt mer v\u00e4sen av sig med sin &#8211; ironiskt nog &#8211; ganska l\u00e5gm\u00e4lda musik. Han har tidigare samarbetat med bland andra <strong>Twelve24, CASS\u00a0<\/strong>och <strong>Chris Howland <\/strong>och karvar ut sin egen v\u00e4g med sin egna stil. Nya samarbetet med <strong>Elisabeth Harder <\/strong>vid mikrofonen \u00e4r ren och sk\u00e4r storhet. L\u00e5ten, d\u00e4r han blandar akustiska och elektroniska inslag, \u00e4r dr\u00f6msk och l\u00e4ttlyssnad men samtidigt djup. <em>&#8221;To be near you&#8221; &#8211; <\/em>som handlar om att hitta tillbaka till Gud efter en period av tvivel &#8211; f\u00e5r dig att vilja sluta \u00f6gonen och bara insupa st\u00e4mningen. Vackert, unikt och v\u00e4ldigt bra. S\u00e5, det \u00e4r bara att konstatera att 2017 forts\u00e4tter att bjuda p\u00e5 storartade debutanter &#8211; h\u00e4r \u00e4r \u00e4nnu en.\u00a0Missa icke!<\/p>\n<p><strong>Spotify-l\u00e4nk: <\/strong>https:\/\/open.spotify.com\/track\/1aZ1kZB7BfQsDng3CkHLY4<\/p>\n<p><strong>Youtube-l\u00e4nk: <\/strong>https:\/\/www.youtube.com\/watch?v=VdAOkgrYHmE<\/p>\n<p><a href=\"https:\/\/glowingvibe.files.wordpress.com\/2017\/11\/wyld-to-be-near-you-e1509547806349.jpg\"><img loading=\"lazy\" decoding=\"async\" class=\"size-medium wp-image-2627 aligncenter\" src=\"https:\/\/glowingvibe.files.wordpress.com\/2017\/11\/wyld-to-be-near-you-e1509547806349.jpg?w=300\" alt=\"\" width=\"300\" height=\"210\" \/><\/a><\/p>\n","protected":false},"excerpt":{"rendered":"<p>Engelska WYLD &#8211; som tidigare kallade sig f\u00f6r This &#8211; g\u00f6r allt mer v\u00e4sen av sig med sin &#8211; ironiskt nog &#8211; ganska l\u00e5gm\u00e4lda musik. Han har [&hellip;]<\/p>\n","protected":false},"author":15,"featured_media":0,"comment_status":"open","ping_status":"open","sticky":false,"template":"","format":"standard","meta":{"footnotes":"","_links_to":"","_links_to_target":""},"categories":[1],"tags":[],"class_list":["post-3209","post","type-post","status-publish","format-standard","hentry","category-musik"],"_links":{"self":[{"href":"http:\/\/blogg.varldenidag.se\/musik\/wp-json\/wp\/v2\/posts\/3209","targetHints":{"allow":["GET"]}}],"collection":[{"href":"http:\/\/blogg.varldenidag.se\/musik\/wp-json\/wp\/v2\/posts"}],"about":[{"href":"http:\/\/blogg.varldenidag.se\/musik\/wp-json\/wp\/v2\/types\/post"}],"author":[{"embeddable":true,"href":"http:\/\/blogg.varldenidag.se\/musik\/wp-json\/wp\/v2\/users\/15"}],"replies":[{"embeddable":true,"href":"http:\/\/blogg.varldenidag.se\/musik\/wp-json\/wp\/v2\/comments?post=3209"}],"version-history":[{"count":1,"href":"http:\/\/blogg.varldenidag.se\/musik\/wp-json\/wp\/v2\/posts\/3209\/revisions"}],"predecessor-version":[{"id":3210,"href":"http:\/\/blogg.varldenidag.se\/musik\/wp-json\/wp\/v2\/posts\/3209\/revisions\/3210"}],"wp:attachment":[{"href":"http:\/\/blogg.varldenidag.se\/musik\/wp-json\/wp\/v2\/media?parent=3209"}],"wp:term":[{"taxonomy":"category","embeddable":true,"href":"http:\/\/blogg.varldenidag.se\/musik\/wp-json\/wp\/v2\/categories?post=3209"},{"taxonomy":"post_tag","embeddable":true,"href":"http:\/\/blogg.varldenidag.se\/musik\/wp-json\/wp\/v2\/tags?post=3209"}],"curies":[{"name":"wp","href":"https:\/\/api.w.org\/{rel}","templated":true}]}}