{"id":3207,"date":"2017-11-12T00:37:46","date_gmt":"2017-11-11T23:37:46","guid":{"rendered":"http:\/\/blogg.varldenidag.se\/musik\/?p=3207"},"modified":"2017-11-07T19:37:59","modified_gmt":"2017-11-07T18:37:59","slug":"dags-att-upptacka-tyson","status":"publish","type":"post","link":"http:\/\/blogg.varldenidag.se\/musik\/dags-att-upptacka-tyson\/","title":{"rendered":"Dags att uppt\u00e4cka Tyson"},"content":{"rendered":"<p>OK, ta fram papper och penna f\u00f6r nu s\u00e4tts dina skrivkunskaper p\u00e5 sv\u00e5rt prov! <strong>Tyson Motsenbocker <\/strong>har n\u00e4mligen inte det enklaste namnet, och\u00a0titeln p\u00e5 l\u00e5ten\u00a0vi kommer tipsa om \u00e4r inte heller s\u00e4rskilt l\u00e4nge. Men forts\u00e4tt l\u00e4s &#8211; det \u00e4r v\u00e4rt den spr\u00e5kliga utmaningen!<\/p>\n<p><b>Tyson <\/b>\u00e4r en talangfull singer\/songwriter fr\u00e5n\u00a0South Carolina, som redan hunnit med att dela scen med artister som <strong>James Bay <\/strong>och <strong>Vance Joy.\u00a0<\/strong>Inriktningen p\u00e5 hans musik tog till stor del form 2013 efter att hans mamma d\u00f6tt, d\u00e5 han beslutade sig f\u00f6r att g\u00e5 hela den l\u00e5nga str\u00e4ckan fr\u00e5n hemmet till San Fransisco. L\u00e4ngs motorv\u00e4garnas buller &#8211; men ocks\u00e5 vackra vyer \u00f6ver hav och landskap &#8211; hittade han en ny relation med Gud och en v\u00e4g ut i sorgen, och allt detta tog form i debutskivan <em>&#8221;Letters to lost loves&#8221; <\/em>som han sl\u00e4ppte ifjol.<\/p>\n<p>Nu bjuder <strong>Tyson <\/strong>p\u00e5 splitternytt material i form av tv\u00e5 EP, och det h\u00e4r \u00e4r l\u00e5tar som du b\u00f6r spana in om du \u00e4r svag f\u00f6r killar med gitarr och djupa ber\u00e4ttelser. Inte minst \u00e4r vi helt f\u00f6r\u00e4lskade i hans &#8211; h\u00e5ll i dig nu &#8211; <em>&#8221;Coeur d&#8217;Alene&#8221;. <\/em>L\u00e5tens smittande gitarrackord g\u00e5r inte att v\u00e4rja sig f\u00f6r och det hela resulterar i en sm\u00e5tt fantastisk singer\/songwriterl\u00e5t av stor kaliber. Om\u00f6jligt att motst\u00e5 &#8211; vi lovar!<\/p>\n<p><b>Spotify-l\u00e4nk: <\/b>https:\/\/open.spotify.com\/track\/52CPqvgFVhi19Yi0YseG7q<\/p>\n<p><strong>Youtube-l\u00e4nk: <\/strong>https:\/\/www.youtube.com\/watch?v=gRZjG2jD4as<\/p>\n<p><a href=\"https:\/\/glowingvibe.files.wordpress.com\/2017\/11\/artworks-000239747936-h95ylx-t500x500.jpg\"><img loading=\"lazy\" decoding=\"async\" class=\"size-medium wp-image-2624 aligncenter\" src=\"https:\/\/glowingvibe.files.wordpress.com\/2017\/11\/artworks-000239747936-h95ylx-t500x500.jpg?w=300\" alt=\"\" width=\"300\" height=\"300\" \/><\/a><\/p>\n<p>&nbsp;<\/p>\n","protected":false},"excerpt":{"rendered":"<p>OK, ta fram papper och penna f\u00f6r nu s\u00e4tts dina skrivkunskaper p\u00e5 sv\u00e5rt prov! Tyson Motsenbocker har n\u00e4mligen inte det enklaste namnet, och\u00a0titeln p\u00e5 l\u00e5ten\u00a0vi kommer tipsa [&hellip;]<\/p>\n","protected":false},"author":15,"featured_media":0,"comment_status":"open","ping_status":"open","sticky":false,"template":"","format":"standard","meta":{"footnotes":"","_links_to":"","_links_to_target":""},"categories":[1],"tags":[],"class_list":["post-3207","post","type-post","status-publish","format-standard","hentry","category-musik"],"_links":{"self":[{"href":"http:\/\/blogg.varldenidag.se\/musik\/wp-json\/wp\/v2\/posts\/3207","targetHints":{"allow":["GET"]}}],"collection":[{"href":"http:\/\/blogg.varldenidag.se\/musik\/wp-json\/wp\/v2\/posts"}],"about":[{"href":"http:\/\/blogg.varldenidag.se\/musik\/wp-json\/wp\/v2\/types\/post"}],"author":[{"embeddable":true,"href":"http:\/\/blogg.varldenidag.se\/musik\/wp-json\/wp\/v2\/users\/15"}],"replies":[{"embeddable":true,"href":"http:\/\/blogg.varldenidag.se\/musik\/wp-json\/wp\/v2\/comments?post=3207"}],"version-history":[{"count":1,"href":"http:\/\/blogg.varldenidag.se\/musik\/wp-json\/wp\/v2\/posts\/3207\/revisions"}],"predecessor-version":[{"id":3208,"href":"http:\/\/blogg.varldenidag.se\/musik\/wp-json\/wp\/v2\/posts\/3207\/revisions\/3208"}],"wp:attachment":[{"href":"http:\/\/blogg.varldenidag.se\/musik\/wp-json\/wp\/v2\/media?parent=3207"}],"wp:term":[{"taxonomy":"category","embeddable":true,"href":"http:\/\/blogg.varldenidag.se\/musik\/wp-json\/wp\/v2\/categories?post=3207"},{"taxonomy":"post_tag","embeddable":true,"href":"http:\/\/blogg.varldenidag.se\/musik\/wp-json\/wp\/v2\/tags?post=3207"}],"curies":[{"name":"wp","href":"https:\/\/api.w.org\/{rel}","templated":true}]}}