{"id":3182,"date":"2017-10-17T00:15:41","date_gmt":"2017-10-16T22:15:41","guid":{"rendered":"http:\/\/blogg.varldenidag.se\/musik\/?p=3182"},"modified":"2017-10-03T21:15:56","modified_gmt":"2017-10-03T19:15:56","slug":"maktig-psalm-fran-crowder","status":"publish","type":"post","link":"http:\/\/blogg.varldenidag.se\/musik\/maktig-psalm-fran-crowder\/","title":{"rendered":"M\u00e4ktig psalm fr\u00e5n Crowder"},"content":{"rendered":"<p><strong>David Crowder <\/strong>\u00e4r ett unikum p\u00e5 flera s\u00e4tt. Karismatisk och unik \u00e4r v\u00e4l ett par epitet som passar in p\u00e5 denna levande legend, men inte minst \u00e4r han en enast\u00e5ende l\u00e5tskrivare och s\u00e5ngare. Antalet g\u00e5nger han visat det \u00e4r or\u00e4kneligt, men ibland griper det tag lite extra. Precis s\u00e5 \u00e4r det p\u00e5 hans fantastiska <em>&#8221;All my hope&#8221; <\/em>&#8211; en ny hoppfull, stark, m\u00e4ktig\u00a0och gripande hymn som tar ett totalt grepp om lyssnaren.<\/p>\n<p>L\u00e5ten fanns med senaste skivan <em>&#8221;American prodigal&#8221; <\/em>som sl\u00e4pptes f\u00f6rra \u00e5ret, men har nu f\u00f6r\u00e4rats en ny version tillsammans med <b>Tauren Wells. <\/b>Nytt liv \u00e5t en urstark l\u00e5t &#8211; och det f\u00f6rtj\u00e4nar den. Det h\u00e4r kan mycket v\u00e4l bli en ny modern klassiker, en psalm f\u00f6r 2010-talet.<\/p>\n<p><strong>Spotify-l\u00e4nk: <\/strong><a href=\"https:\/\/open.spotify.com\/track\/5MIZ03wEzSgK62m0PT0Guo\">https:\/\/open.spotify.com\/track\/5MIZ03wEzSgK62m0PT0Guo<\/a><\/p>\n<p><strong>Youtube-l\u00e4nk: <\/strong>https:\/\/www.youtube.com\/watch?v=vIu5JvpWWfw<\/p>\n<p><a href=\"https:\/\/glowingvibe.files.wordpress.com\/2017\/10\/thumbnail.jpg\"><img loading=\"lazy\" decoding=\"async\" class=\"size-medium wp-image-2590 aligncenter\" src=\"https:\/\/glowingvibe.files.wordpress.com\/2017\/10\/thumbnail.jpg?w=300\" alt=\"\" width=\"300\" height=\"300\" \/><\/a><\/p>\n","protected":false},"excerpt":{"rendered":"<p>David Crowder \u00e4r ett unikum p\u00e5 flera s\u00e4tt. Karismatisk och unik \u00e4r v\u00e4l ett par epitet som passar in p\u00e5 denna levande legend, men inte minst \u00e4r [&hellip;]<\/p>\n","protected":false},"author":15,"featured_media":0,"comment_status":"open","ping_status":"open","sticky":false,"template":"","format":"standard","meta":{"footnotes":"","_links_to":"","_links_to_target":""},"categories":[1],"tags":[],"class_list":["post-3182","post","type-post","status-publish","format-standard","hentry","category-musik"],"_links":{"self":[{"href":"http:\/\/blogg.varldenidag.se\/musik\/wp-json\/wp\/v2\/posts\/3182","targetHints":{"allow":["GET"]}}],"collection":[{"href":"http:\/\/blogg.varldenidag.se\/musik\/wp-json\/wp\/v2\/posts"}],"about":[{"href":"http:\/\/blogg.varldenidag.se\/musik\/wp-json\/wp\/v2\/types\/post"}],"author":[{"embeddable":true,"href":"http:\/\/blogg.varldenidag.se\/musik\/wp-json\/wp\/v2\/users\/15"}],"replies":[{"embeddable":true,"href":"http:\/\/blogg.varldenidag.se\/musik\/wp-json\/wp\/v2\/comments?post=3182"}],"version-history":[{"count":1,"href":"http:\/\/blogg.varldenidag.se\/musik\/wp-json\/wp\/v2\/posts\/3182\/revisions"}],"predecessor-version":[{"id":3183,"href":"http:\/\/blogg.varldenidag.se\/musik\/wp-json\/wp\/v2\/posts\/3182\/revisions\/3183"}],"wp:attachment":[{"href":"http:\/\/blogg.varldenidag.se\/musik\/wp-json\/wp\/v2\/media?parent=3182"}],"wp:term":[{"taxonomy":"category","embeddable":true,"href":"http:\/\/blogg.varldenidag.se\/musik\/wp-json\/wp\/v2\/categories?post=3182"},{"taxonomy":"post_tag","embeddable":true,"href":"http:\/\/blogg.varldenidag.se\/musik\/wp-json\/wp\/v2\/tags?post=3182"}],"curies":[{"name":"wp","href":"https:\/\/api.w.org\/{rel}","templated":true}]}}