{"id":3176,"date":"2017-10-11T00:08:50","date_gmt":"2017-10-10T22:08:50","guid":{"rendered":"http:\/\/blogg.varldenidag.se\/musik\/?p=3176"},"modified":"2017-10-03T20:09:07","modified_gmt":"2017-10-03T18:09:07","slug":"vardstedt-bjuder-pa-popparla","status":"publish","type":"post","link":"http:\/\/blogg.varldenidag.se\/musik\/vardstedt-bjuder-pa-popparla\/","title":{"rendered":"V\u00e5rdstedt bjuder p\u00e5 popp\u00e4rla"},"content":{"rendered":"<p>Svenske artisten och producenten <strong>Clas V\u00e5rdstedt <\/strong>har en l\u00e5ng rad av lyckade album bakom sig &#8211; och i november \u00e4r det dags igen. D\u00e5 sl\u00e4pps skivan <em>&#8221;Mitt hj\u00e4rta hos dig&#8221; <\/em>d\u00e4r <strong>Clas <\/strong>f\u00f6rutom att bjuda p\u00e5 sprillans ny musik \u00e4ven passar p\u00e5 att samla in pengar till n\u00e5gra av de mest fattiga i v\u00e4rlden via samarbetspartnern Erikshj\u00e4lpen.<\/p>\n<p>Titelsp\u00e5ret fr\u00e5n kommande skivan \u00e4r som ett f\u00f6rsta smakprov, d\u00e4r han dessutom f\u00e5r hj\u00e4lp av <strong>Frank \u00c5dahl <\/strong>och <strong>Lari Basilio. <\/strong>Det \u00e4r en riktig popp\u00e4rla som <strong>Clas <\/strong><strong>V\u00e5rdstedt <\/strong>bjuder p\u00e5 &#8211; trivsam, medryckande och l\u00e4ttlyssnad. Missa inte!<\/p>\n<p><strong>Spotify-l\u00e4nk: <\/strong>https:\/\/open.spotify.com\/track\/1x4tPTBS8x4unUa3LKxwCL<\/p>\n<p><a href=\"https:\/\/glowingvibe.files.wordpress.com\/2017\/10\/2499052390651758912_1506066330726_w500.jpg\"><img loading=\"lazy\" decoding=\"async\" class=\"size-medium wp-image-2578 aligncenter\" src=\"https:\/\/glowingvibe.files.wordpress.com\/2017\/10\/2499052390651758912_1506066330726_w500.jpg?w=300\" alt=\"\" width=\"300\" height=\"300\" \/><\/a><\/p>\n","protected":false},"excerpt":{"rendered":"<p>Svenske artisten och producenten Clas V\u00e5rdstedt har en l\u00e5ng rad av lyckade album bakom sig &#8211; och i november \u00e4r det dags igen. D\u00e5 sl\u00e4pps skivan &#8221;Mitt [&hellip;]<\/p>\n","protected":false},"author":15,"featured_media":0,"comment_status":"open","ping_status":"open","sticky":false,"template":"","format":"standard","meta":{"footnotes":"","_links_to":"","_links_to_target":""},"categories":[1],"tags":[],"class_list":["post-3176","post","type-post","status-publish","format-standard","hentry","category-musik"],"_links":{"self":[{"href":"http:\/\/blogg.varldenidag.se\/musik\/wp-json\/wp\/v2\/posts\/3176","targetHints":{"allow":["GET"]}}],"collection":[{"href":"http:\/\/blogg.varldenidag.se\/musik\/wp-json\/wp\/v2\/posts"}],"about":[{"href":"http:\/\/blogg.varldenidag.se\/musik\/wp-json\/wp\/v2\/types\/post"}],"author":[{"embeddable":true,"href":"http:\/\/blogg.varldenidag.se\/musik\/wp-json\/wp\/v2\/users\/15"}],"replies":[{"embeddable":true,"href":"http:\/\/blogg.varldenidag.se\/musik\/wp-json\/wp\/v2\/comments?post=3176"}],"version-history":[{"count":1,"href":"http:\/\/blogg.varldenidag.se\/musik\/wp-json\/wp\/v2\/posts\/3176\/revisions"}],"predecessor-version":[{"id":3177,"href":"http:\/\/blogg.varldenidag.se\/musik\/wp-json\/wp\/v2\/posts\/3176\/revisions\/3177"}],"wp:attachment":[{"href":"http:\/\/blogg.varldenidag.se\/musik\/wp-json\/wp\/v2\/media?parent=3176"}],"wp:term":[{"taxonomy":"category","embeddable":true,"href":"http:\/\/blogg.varldenidag.se\/musik\/wp-json\/wp\/v2\/categories?post=3176"},{"taxonomy":"post_tag","embeddable":true,"href":"http:\/\/blogg.varldenidag.se\/musik\/wp-json\/wp\/v2\/tags?post=3176"}],"curies":[{"name":"wp","href":"https:\/\/api.w.org\/{rel}","templated":true}]}}