{"id":3161,"date":"2017-09-20T00:07:41","date_gmt":"2017-09-19T22:07:41","guid":{"rendered":"http:\/\/blogg.varldenidag.se\/musik\/?p=3161"},"modified":"2017-09-19T19:59:56","modified_gmt":"2017-09-19T17:59:56","slug":"nf-gar-pa-knock-igen","status":"publish","type":"post","link":"http:\/\/blogg.varldenidag.se\/musik\/nf-gar-pa-knock-igen\/","title":{"rendered":"NF g\u00e5r p\u00e5 knock &#8211; igen"},"content":{"rendered":"<p>F\u00e5 artister imponerar s\u00e5 mycket p\u00e5 mig som <strong>NF <\/strong>&#8211; eller Nate Feuerstein som han egentligen heter. Med en brutal \u00e4rlighet, en grym talang och en textskrivarpenna som \u00e4r vassare \u00e4n rakblad har han g\u00e5tt p\u00e5 knock s\u00e5h\u00e4r l\u00e5ngt i karri\u00e4ren. Hans tv\u00e5 f\u00f6rsta skivor <em>&#8221;Mansion&#8221; <\/em>och <i>&#8221;Therapy session&#8221; <\/i>\u00e4r tv\u00e5 av de starkaste skivorna de senaste \u00e5ren, fyllda med l\u00e5tar som absolut inte g\u00e5r att v\u00e4rja sig f\u00f6r (lyssna in <em>&#8221;Oh lord&#8221;, &#8221;How could you leave us&#8221; <\/em>och <em>&#8221;Ill keep on&#8221; <\/em>s\u00e5 f\u00f6rst\u00e5r du vad jag menar!).<\/p>\n<p>Med en stadigt v\u00e4xande fanskara (bland annat n\u00e4ra 250 000 f\u00f6ljare p\u00e5 Facebook, 40 (!) uts\u00e5lda datum p\u00e5 senaste turn\u00e9n hemma i USA och lyssningar i m\u00e5ngmiljonklassen p\u00e5 streamingtj\u00e4nster s\u00e5 \u00e4r allt upplagt f\u00f6r en grym <strong>NF<\/strong>-h\u00f6st. F\u00f6r 6:e oktober kommer tredje skivan, <em>&#8221;Perception&#8221;, <\/em>som redan innan releasen f\u00f6rbokats i stora upplagor. Tre smakprov har redan sl\u00e4ppts &#8211;\u00a0bland annat tunga\u00a0&#8221;<em>Green Lights&#8221;\u00a0<\/em>som skrapade ihop \u00f6ver tv\u00e5 miljoner visningar p\u00e5 Youtube p\u00e5 bara tre veckor. F\u00e4rskaste l\u00e5ten &#8211; <em>&#8221;Let You Down&#8221; <\/em>\u00e4r en ny kioskv\u00e4ltare som tog sig direkt in p\u00e5 Itunes plats 25 i USA\u00a0n\u00e4r den sl\u00e4pptes &#8211; starkt! Grym rap och med sk\u00f6n refr\u00e4ng utg\u00f6r grunden i vad som \u00e4r \u00e4nnu en hitvarning fr\u00e5n <strong>NF.<\/strong><\/p>\n<p>Det \u00e4r h\u00f6g tid att du uppt\u00e4cker <strong>NF <\/strong>om du inte redan gjort det &#8211; f\u00f6r det h\u00e4r \u00e4r ett av de riktigt stora kristna namnen just nu och definitivt ett av de allra\u00a0st\u00f6rsta p\u00e5 den kristna hiphopscenen.<\/p>\n<p><strong>Spotify-l\u00e4nk: <\/strong><a href=\"https:\/\/open.spotify.com\/track\/2amzBJRBPOGszBem4FedfE\">https:\/\/open.spotify.com\/album\/01RXXyE17pPOA8dcs73pCv<\/a><\/p>\n<p><strong>Youtube-l\u00e4nk: <\/strong><a href=\"https:\/\/www.youtube.com\/watch?v=0501BTnbrxg\">https:\/\/www.youtube.com\/watch?v=ocnuOcwHNaM<\/a><\/p>\n<p><a href=\"https:\/\/glowingvibe.files.wordpress.com\/2017\/09\/9380032ab9e108adf7e54ecdc4ab9dd7-1000x1000x1.jpg\"><img loading=\"lazy\" decoding=\"async\" class=\"size-medium wp-image-2562 aligncenter\" src=\"https:\/\/glowingvibe.files.wordpress.com\/2017\/09\/9380032ab9e108adf7e54ecdc4ab9dd7-1000x1000x1.jpg?w=300\" alt=\"\" width=\"300\" height=\"300\" \/><\/a><\/p>\n<p>&nbsp;<\/p>\n<p>&nbsp;<\/p>\n","protected":false},"excerpt":{"rendered":"<p>F\u00e5 artister imponerar s\u00e5 mycket p\u00e5 mig som NF &#8211; eller Nate Feuerstein som han egentligen heter. Med en brutal \u00e4rlighet, en grym talang och en textskrivarpenna [&hellip;]<\/p>\n","protected":false},"author":15,"featured_media":0,"comment_status":"open","ping_status":"open","sticky":false,"template":"","format":"standard","meta":{"footnotes":"","_links_to":"","_links_to_target":""},"categories":[1],"tags":[],"class_list":["post-3161","post","type-post","status-publish","format-standard","hentry","category-musik"],"_links":{"self":[{"href":"http:\/\/blogg.varldenidag.se\/musik\/wp-json\/wp\/v2\/posts\/3161","targetHints":{"allow":["GET"]}}],"collection":[{"href":"http:\/\/blogg.varldenidag.se\/musik\/wp-json\/wp\/v2\/posts"}],"about":[{"href":"http:\/\/blogg.varldenidag.se\/musik\/wp-json\/wp\/v2\/types\/post"}],"author":[{"embeddable":true,"href":"http:\/\/blogg.varldenidag.se\/musik\/wp-json\/wp\/v2\/users\/15"}],"replies":[{"embeddable":true,"href":"http:\/\/blogg.varldenidag.se\/musik\/wp-json\/wp\/v2\/comments?post=3161"}],"version-history":[{"count":2,"href":"http:\/\/blogg.varldenidag.se\/musik\/wp-json\/wp\/v2\/posts\/3161\/revisions"}],"predecessor-version":[{"id":3166,"href":"http:\/\/blogg.varldenidag.se\/musik\/wp-json\/wp\/v2\/posts\/3161\/revisions\/3166"}],"wp:attachment":[{"href":"http:\/\/blogg.varldenidag.se\/musik\/wp-json\/wp\/v2\/media?parent=3161"}],"wp:term":[{"taxonomy":"category","embeddable":true,"href":"http:\/\/blogg.varldenidag.se\/musik\/wp-json\/wp\/v2\/categories?post=3161"},{"taxonomy":"post_tag","embeddable":true,"href":"http:\/\/blogg.varldenidag.se\/musik\/wp-json\/wp\/v2\/tags?post=3161"}],"curies":[{"name":"wp","href":"https:\/\/api.w.org\/{rel}","templated":true}]}}