{"id":3137,"date":"2017-09-09T09:09:09","date_gmt":"2017-09-09T07:09:09","guid":{"rendered":"http:\/\/blogg.varldenidag.se\/musik\/?p=3137"},"modified":"2017-08-28T20:57:31","modified_gmt":"2017-08-28T18:57:31","slug":"vackert-och-finstamt-med-toops","status":"publish","type":"post","link":"http:\/\/blogg.varldenidag.se\/musik\/vackert-och-finstamt-med-toops\/","title":{"rendered":"Vackert och finst\u00e4mt med Toops"},"content":{"rendered":"<p>36-\u00e5rige Minnesotasonen <strong>Brady Toops <\/strong>var en g\u00e5ng en lovande baseballspelare hemma i USA. Men efter att aldrig riktigt ha breakat i de h\u00f6gsta serierna, s\u00e5 la han idrotten p\u00e5 hyllan och plockade fram sin gitarr. Och det kan vi vara glada f\u00f6r idag. F\u00f6r ett par \u00e5r sedan sl\u00e4ppte han debutalbumet, och i v\u00e5ras kom uppf\u00f6ljaren\u00a0&#8211; <em>&#8221;Tried &amp; True&#8221;. <\/em><\/p>\n<p><em>H\u00e4r <\/em>snackar vi avskalad singer\/songwriter-pop med folkk\u00e4nsla, och det \u00e4r b\u00e5de finst\u00e4mt och riktigt vasst. Lite extra gillar vi hans <em>&#8221;Walk in love&#8221;, <\/em>en l\u00e5t som b\u00e5de bjuder p\u00e5 uppenbar <strong>Bruce Springsteen-<\/strong>inspiration likv\u00e4l som gospeltouch &#8211; men resultatet \u00e4r mycket bra. Den h\u00e4r snubben vill vi h\u00f6ra mer fr\u00e5n!<\/p>\n<p><strong>Spotify-l\u00e4nk: <\/strong>https:\/\/open.spotify.com\/track\/14vbXkDLpHFvAuFvOprNVY<\/p>\n<p><strong>Youtube-l\u00e4nk: <\/strong>https:\/\/www.youtube.com\/watch?v=CKFfuEzM8j0<\/p>\n<p><a href=\"https:\/\/glowingvibe.files.wordpress.com\/2017\/08\/brady-toops-tried-true.jpg\"><img loading=\"lazy\" decoding=\"async\" class=\"size-medium wp-image-2523 aligncenter\" src=\"https:\/\/glowingvibe.files.wordpress.com\/2017\/08\/brady-toops-tried-true.jpg?w=300\" alt=\"\" width=\"300\" height=\"300\" \/><\/a><\/p>\n","protected":false},"excerpt":{"rendered":"<p>36-\u00e5rige Minnesotasonen Brady Toops var en g\u00e5ng en lovande baseballspelare hemma i USA. Men efter att aldrig riktigt ha breakat i de h\u00f6gsta serierna, s\u00e5 la han [&hellip;]<\/p>\n","protected":false},"author":15,"featured_media":0,"comment_status":"open","ping_status":"open","sticky":false,"template":"","format":"standard","meta":{"footnotes":"","_links_to":"","_links_to_target":""},"categories":[1],"tags":[],"class_list":["post-3137","post","type-post","status-publish","format-standard","hentry","category-musik"],"_links":{"self":[{"href":"http:\/\/blogg.varldenidag.se\/musik\/wp-json\/wp\/v2\/posts\/3137","targetHints":{"allow":["GET"]}}],"collection":[{"href":"http:\/\/blogg.varldenidag.se\/musik\/wp-json\/wp\/v2\/posts"}],"about":[{"href":"http:\/\/blogg.varldenidag.se\/musik\/wp-json\/wp\/v2\/types\/post"}],"author":[{"embeddable":true,"href":"http:\/\/blogg.varldenidag.se\/musik\/wp-json\/wp\/v2\/users\/15"}],"replies":[{"embeddable":true,"href":"http:\/\/blogg.varldenidag.se\/musik\/wp-json\/wp\/v2\/comments?post=3137"}],"version-history":[{"count":1,"href":"http:\/\/blogg.varldenidag.se\/musik\/wp-json\/wp\/v2\/posts\/3137\/revisions"}],"predecessor-version":[{"id":3138,"href":"http:\/\/blogg.varldenidag.se\/musik\/wp-json\/wp\/v2\/posts\/3137\/revisions\/3138"}],"wp:attachment":[{"href":"http:\/\/blogg.varldenidag.se\/musik\/wp-json\/wp\/v2\/media?parent=3137"}],"wp:term":[{"taxonomy":"category","embeddable":true,"href":"http:\/\/blogg.varldenidag.se\/musik\/wp-json\/wp\/v2\/categories?post=3137"},{"taxonomy":"post_tag","embeddable":true,"href":"http:\/\/blogg.varldenidag.se\/musik\/wp-json\/wp\/v2\/tags?post=3137"}],"curies":[{"name":"wp","href":"https:\/\/api.w.org\/{rel}","templated":true}]}}