{"id":3131,"date":"2017-09-03T00:08:28","date_gmt":"2017-09-02T22:08:28","guid":{"rendered":"http:\/\/blogg.varldenidag.se\/musik\/?p=3131"},"modified":"2017-08-28T20:08:53","modified_gmt":"2017-08-28T18:08:53","slug":"frascht-sound-fran-nashville","status":"publish","type":"post","link":"http:\/\/blogg.varldenidag.se\/musik\/frascht-sound-fran-nashville\/","title":{"rendered":"Fr\u00e4scht sound fr\u00e5n Nashville"},"content":{"rendered":"<p>I Nashville \u00e4r BeLocal en ungdomsr\u00f6relse p\u00e5 stadens college, men nu vill r\u00f6relsen sprida budskapet om Gud l\u00e5ngt l\u00e4ngre \u00e4n s\u00e5. Genom musikprojektet <strong>Local Sound <\/strong>vill BeLocal sprida sina toner l\u00e5ngt utanf\u00f6r Nashvilles gr\u00e4nser, genom ett modernt, fr\u00e4scht budskap som k\u00e4nns v\u00e4ldigt mycket 2017.<br \/>\n&#8221;V\u00e5rt sound \u00e4r en reflektion av v\u00e5rt hj\u00e4rta och v\u00e5r passion f\u00f6r att f\u00f6rena Guds ord genom h\u00f6gintensiv, innovativ musik som n\u00e5r v\u00e4rlden&#8221; &#8211; s\u00e5 beskriver bandet sj\u00e4lva sitt m\u00e5l och det speglar v\u00e4ldigt v\u00e4l hur bandet faktiskt l\u00e5ter.<\/p>\n<p>Nyligen kom en hel EP med ett g\u00e4ng schyssta l\u00e5tar, d\u00e4r inte minst<em> &#8221;Wild&#8221; <\/em>blivit en personlig favorit. Riktigt bra &#8211; missa icke!<\/p>\n<p><strong>Spotify-l\u00e4nk: <\/strong>https:\/\/open.spotify.com\/track\/2masBgZDOTFiuUbKTa7AXu<\/p>\n<p><strong>Youtube-l\u00e4nk: <\/strong>https:\/\/www.youtube.com\/watch?v=qqyuEzzTS6Q<\/p>\n<p><a href=\"https:\/\/glowingvibe.files.wordpress.com\/2017\/08\/t327419511-b1144245033_s400.jpg\"><img loading=\"lazy\" decoding=\"async\" class=\"size-medium wp-image-2514 aligncenter\" src=\"https:\/\/glowingvibe.files.wordpress.com\/2017\/08\/t327419511-b1144245033_s400.jpg?w=300\" alt=\"\" width=\"300\" height=\"300\" \/><\/a><\/p>\n<p>&nbsp;<\/p>\n<p>&nbsp;<\/p>\n","protected":false},"excerpt":{"rendered":"<p>I Nashville \u00e4r BeLocal en ungdomsr\u00f6relse p\u00e5 stadens college, men nu vill r\u00f6relsen sprida budskapet om Gud l\u00e5ngt l\u00e4ngre \u00e4n s\u00e5. Genom musikprojektet Local Sound vill BeLocal [&hellip;]<\/p>\n","protected":false},"author":15,"featured_media":0,"comment_status":"open","ping_status":"open","sticky":false,"template":"","format":"standard","meta":{"footnotes":"","_links_to":"","_links_to_target":""},"categories":[1],"tags":[],"class_list":["post-3131","post","type-post","status-publish","format-standard","hentry","category-musik"],"_links":{"self":[{"href":"http:\/\/blogg.varldenidag.se\/musik\/wp-json\/wp\/v2\/posts\/3131","targetHints":{"allow":["GET"]}}],"collection":[{"href":"http:\/\/blogg.varldenidag.se\/musik\/wp-json\/wp\/v2\/posts"}],"about":[{"href":"http:\/\/blogg.varldenidag.se\/musik\/wp-json\/wp\/v2\/types\/post"}],"author":[{"embeddable":true,"href":"http:\/\/blogg.varldenidag.se\/musik\/wp-json\/wp\/v2\/users\/15"}],"replies":[{"embeddable":true,"href":"http:\/\/blogg.varldenidag.se\/musik\/wp-json\/wp\/v2\/comments?post=3131"}],"version-history":[{"count":1,"href":"http:\/\/blogg.varldenidag.se\/musik\/wp-json\/wp\/v2\/posts\/3131\/revisions"}],"predecessor-version":[{"id":3132,"href":"http:\/\/blogg.varldenidag.se\/musik\/wp-json\/wp\/v2\/posts\/3131\/revisions\/3132"}],"wp:attachment":[{"href":"http:\/\/blogg.varldenidag.se\/musik\/wp-json\/wp\/v2\/media?parent=3131"}],"wp:term":[{"taxonomy":"category","embeddable":true,"href":"http:\/\/blogg.varldenidag.se\/musik\/wp-json\/wp\/v2\/categories?post=3131"},{"taxonomy":"post_tag","embeddable":true,"href":"http:\/\/blogg.varldenidag.se\/musik\/wp-json\/wp\/v2\/tags?post=3131"}],"curies":[{"name":"wp","href":"https:\/\/api.w.org\/{rel}","templated":true}]}}