{"id":3110,"date":"2017-06-27T00:01:49","date_gmt":"2017-06-26T22:01:49","guid":{"rendered":"http:\/\/blogg.varldenidag.se\/musik\/?p=3110"},"modified":"2017-06-12T21:01:17","modified_gmt":"2017-06-12T19:01:17","slug":"nytt-fran-maher","status":"publish","type":"post","link":"http:\/\/blogg.varldenidag.se\/musik\/nytt-fran-maher\/","title":{"rendered":"Nytt fr\u00e5n Maher"},"content":{"rendered":"<p><!-- x-tinymce\/html --><\/p>\n<p>De senaste \u00e5ren har varit riktigt lyckosamma f\u00f6r kanadensaren <strong>Matt Maher. <\/strong>Med singlar som <em>&#8221;Lord,\u00a0I Need You&#8221; <\/em>och <em>&#8221;All The People Said (Amen)&#8221; <\/em>har han tagit b\u00e5de topplistor och radiostationer i Nordamerika med storm.<\/p>\n<p>Lyssnar man p\u00e5 <strong>Maher <\/strong>s\u00e5 \u00e4r det l\u00e4tt att f\u00f6rst\u00e5. Det h\u00e4r \u00e4r en 43-\u00e5ring med en egen r\u00f6st, en egen karakt\u00e4r som trots att han egentligen inte \u00e4r mil ifr\u00e5n n\u00e5gon annan i singer\/songwriter-genren har ett eget uttryck. Det visar han \u00e4ven p\u00e5 nya singeln, <em>&#8221;Your Love Defends Me&#8221;; <\/em>en lugn l\u00e5t som v\u00e4xer snabbt och som kan bli en ny riktigt stor framg\u00e5ng. Vackert och lyckat &#8211; \u00e4n en g\u00e5ng.<\/p>\n<div class=\"video-container\"><iframe title=\"Spotify Embed: Your Love Defends Me\" style=\"border-radius: 12px\" width=\"100%\" height=\"152\" frameborder=\"0\" allowfullscreen allow=\"autoplay; clipboard-write; encrypted-media; fullscreen; picture-in-picture\" loading=\"lazy\" src=\"https:\/\/open.spotify.com\/embed\/track\/4EFRKHigIJ18jPJq12jAVW?utm_source=oembed\"><\/iframe><\/div>\n","protected":false},"excerpt":{"rendered":"<p>De senaste \u00e5ren har varit riktigt lyckosamma f\u00f6r kanadensaren Matt Maher. Med singlar som &#8221;Lord,\u00a0I Need You&#8221; och &#8221;All The People Said (Amen)&#8221; har han tagit b\u00e5de [&hellip;]<\/p>\n","protected":false},"author":15,"featured_media":0,"comment_status":"open","ping_status":"open","sticky":false,"template":"","format":"standard","meta":{"footnotes":"","_links_to":"","_links_to_target":""},"categories":[1],"tags":[],"class_list":["post-3110","post","type-post","status-publish","format-standard","hentry","category-musik"],"_links":{"self":[{"href":"http:\/\/blogg.varldenidag.se\/musik\/wp-json\/wp\/v2\/posts\/3110","targetHints":{"allow":["GET"]}}],"collection":[{"href":"http:\/\/blogg.varldenidag.se\/musik\/wp-json\/wp\/v2\/posts"}],"about":[{"href":"http:\/\/blogg.varldenidag.se\/musik\/wp-json\/wp\/v2\/types\/post"}],"author":[{"embeddable":true,"href":"http:\/\/blogg.varldenidag.se\/musik\/wp-json\/wp\/v2\/users\/15"}],"replies":[{"embeddable":true,"href":"http:\/\/blogg.varldenidag.se\/musik\/wp-json\/wp\/v2\/comments?post=3110"}],"version-history":[{"count":1,"href":"http:\/\/blogg.varldenidag.se\/musik\/wp-json\/wp\/v2\/posts\/3110\/revisions"}],"predecessor-version":[{"id":3111,"href":"http:\/\/blogg.varldenidag.se\/musik\/wp-json\/wp\/v2\/posts\/3110\/revisions\/3111"}],"wp:attachment":[{"href":"http:\/\/blogg.varldenidag.se\/musik\/wp-json\/wp\/v2\/media?parent=3110"}],"wp:term":[{"taxonomy":"category","embeddable":true,"href":"http:\/\/blogg.varldenidag.se\/musik\/wp-json\/wp\/v2\/categories?post=3110"},{"taxonomy":"post_tag","embeddable":true,"href":"http:\/\/blogg.varldenidag.se\/musik\/wp-json\/wp\/v2\/tags?post=3110"}],"curies":[{"name":"wp","href":"https:\/\/api.w.org\/{rel}","templated":true}]}}