{"id":3108,"date":"2017-06-25T00:47:24","date_gmt":"2017-06-24T22:47:24","guid":{"rendered":"http:\/\/blogg.varldenidag.se\/musik\/?p=3108"},"modified":"2017-06-12T20:51:18","modified_gmt":"2017-06-12T18:51:18","slug":"grits-gor-ovantad-comeback","status":"publish","type":"post","link":"http:\/\/blogg.varldenidag.se\/musik\/grits-gor-ovantad-comeback\/","title":{"rendered":"Grits g\u00f6r ov\u00e4ntad comeback"},"content":{"rendered":"<p>Det fanns en tid n\u00e4r <strong>Grits <\/strong>&#8211; som \u00e4r en f\u00f6rkortning f\u00f6r <em>&#8221;Grammatical Revolution In The Spirit&#8221; &#8211; <\/em>var riktigt stora p\u00e5 hiphopscenen och v\u00e4lte h\u00f6gtalare med sina l\u00e5tar <em>&#8221;They All Fall Down&#8221; <\/em>och <em>&#8221;Here We Go&#8221;. <\/em>Men efter storhetstiden i slutet av 90-talet och b\u00f6rjan av 00-talet har skivsl\u00e4ppen varit glesare och\u00a0 2010 kom senaste releasen.<\/p>\n<p>Men hiphopduon <strong>Grits <\/strong>ger sig inte &#8211; nu sju \u00e5r senare \u00e4r de tillbaka med ny singel. Med <em>&#8221;Saints &amp; Sinners&#8221; <\/em> visar de att de kan \u00e4n, trots att m\u00e5nga \u00e5r g\u00e5tt sedan starten. Vad tycker du om <strong>Grits <\/strong>a&#8217;la 2017?<\/p>\n<div class=\"video-container\"><iframe title=\"Spotify Embed: Saints &amp; Sinners\" style=\"border-radius: 12px\" width=\"100%\" height=\"152\" frameborder=\"0\" allowfullscreen allow=\"autoplay; clipboard-write; encrypted-media; fullscreen; picture-in-picture\" loading=\"lazy\" src=\"https:\/\/open.spotify.com\/embed\/track\/2Pv3cs1SGMiBbovylXvMma?utm_source=oembed\"><\/iframe><\/div>\n","protected":false},"excerpt":{"rendered":"<p>Det fanns en tid n\u00e4r Grits &#8211; som \u00e4r en f\u00f6rkortning f\u00f6r &#8221;Grammatical Revolution In The Spirit&#8221; &#8211; var riktigt stora p\u00e5 hiphopscenen och v\u00e4lte h\u00f6gtalare med [&hellip;]<\/p>\n","protected":false},"author":15,"featured_media":0,"comment_status":"open","ping_status":"open","sticky":false,"template":"","format":"standard","meta":{"footnotes":"","_links_to":"","_links_to_target":""},"categories":[1],"tags":[],"class_list":["post-3108","post","type-post","status-publish","format-standard","hentry","category-musik"],"_links":{"self":[{"href":"http:\/\/blogg.varldenidag.se\/musik\/wp-json\/wp\/v2\/posts\/3108","targetHints":{"allow":["GET"]}}],"collection":[{"href":"http:\/\/blogg.varldenidag.se\/musik\/wp-json\/wp\/v2\/posts"}],"about":[{"href":"http:\/\/blogg.varldenidag.se\/musik\/wp-json\/wp\/v2\/types\/post"}],"author":[{"embeddable":true,"href":"http:\/\/blogg.varldenidag.se\/musik\/wp-json\/wp\/v2\/users\/15"}],"replies":[{"embeddable":true,"href":"http:\/\/blogg.varldenidag.se\/musik\/wp-json\/wp\/v2\/comments?post=3108"}],"version-history":[{"count":1,"href":"http:\/\/blogg.varldenidag.se\/musik\/wp-json\/wp\/v2\/posts\/3108\/revisions"}],"predecessor-version":[{"id":3109,"href":"http:\/\/blogg.varldenidag.se\/musik\/wp-json\/wp\/v2\/posts\/3108\/revisions\/3109"}],"wp:attachment":[{"href":"http:\/\/blogg.varldenidag.se\/musik\/wp-json\/wp\/v2\/media?parent=3108"}],"wp:term":[{"taxonomy":"category","embeddable":true,"href":"http:\/\/blogg.varldenidag.se\/musik\/wp-json\/wp\/v2\/categories?post=3108"},{"taxonomy":"post_tag","embeddable":true,"href":"http:\/\/blogg.varldenidag.se\/musik\/wp-json\/wp\/v2\/tags?post=3108"}],"curies":[{"name":"wp","href":"https:\/\/api.w.org\/{rel}","templated":true}]}}