{"id":3106,"date":"2017-06-22T00:37:24","date_gmt":"2017-06-21T22:37:24","guid":{"rendered":"http:\/\/blogg.varldenidag.se\/musik\/?p=3106"},"modified":"2017-06-12T20:37:39","modified_gmt":"2017-06-12T18:37:39","slug":"stjarnskott-gastar-lecrae","status":"publish","type":"post","link":"http:\/\/blogg.varldenidag.se\/musik\/stjarnskott-gastar-lecrae\/","title":{"rendered":"Stj\u00e4rnskott g\u00e4star Lecrae"},"content":{"rendered":"<p><!-- x-tinymce\/html --><\/p>\n<p>Den ena l\u00e5ten efter den andra, den ena framg\u00e5ngen staplas p\u00e5 n\u00e4sta.<br \/>\nDet g\u00e5r minst sagt bra f\u00f6r amerikanska rapparen <strong>Lecrae <\/strong>som blivit riktigt stor och som skapat sig ett namn som str\u00e4cker sig l\u00e5nga v\u00e4gar utanf\u00f6r kyrkans v\u00e4ggar.<br \/>\nDe stora namnen brukar avl\u00f6sa varandra som g\u00e4sts\u00e5ngare p\u00e5 hans l\u00e5tar och p\u00e5 nya l\u00e5ten <em>&#8221;I&#8217;ll Find You&#8221; <\/em>\u00e4r det stj\u00e4rnskottet <strong>Tori Kelly <\/strong><em>(&#8221;Hollow&#8221; <\/em>och <em>&#8221;I Was Made For Loving You&#8221;) <\/em>som g\u00e4star &#8211; och som g\u00f6r det riktigt bra.<\/p>\n<p><strong>Lecrae <\/strong>kan l\u00e4gga \u00e4nnu en riktigt bra l\u00e5t till sitt CV &#8211; och s\u00e4kerligen inte den sista.<\/p>\n<div class=\"video-container\"><iframe title=\"Spotify Embed: I&amp;apos;ll Find You (feat. Tori Kelly)\" style=\"border-radius: 12px\" width=\"100%\" height=\"152\" frameborder=\"0\" allowfullscreen allow=\"autoplay; clipboard-write; encrypted-media; fullscreen; picture-in-picture\" loading=\"lazy\" src=\"https:\/\/open.spotify.com\/embed\/track\/05hdZ0YRqAg6qsgV1ee3LE?utm_source=oembed\"><\/iframe><\/div>\n","protected":false},"excerpt":{"rendered":"<p>Den ena l\u00e5ten efter den andra, den ena framg\u00e5ngen staplas p\u00e5 n\u00e4sta. Det g\u00e5r minst sagt bra f\u00f6r amerikanska rapparen Lecrae som blivit riktigt stor och som [&hellip;]<\/p>\n","protected":false},"author":15,"featured_media":0,"comment_status":"open","ping_status":"open","sticky":false,"template":"","format":"standard","meta":{"footnotes":"","_links_to":"","_links_to_target":""},"categories":[1],"tags":[],"class_list":["post-3106","post","type-post","status-publish","format-standard","hentry","category-musik"],"_links":{"self":[{"href":"http:\/\/blogg.varldenidag.se\/musik\/wp-json\/wp\/v2\/posts\/3106","targetHints":{"allow":["GET"]}}],"collection":[{"href":"http:\/\/blogg.varldenidag.se\/musik\/wp-json\/wp\/v2\/posts"}],"about":[{"href":"http:\/\/blogg.varldenidag.se\/musik\/wp-json\/wp\/v2\/types\/post"}],"author":[{"embeddable":true,"href":"http:\/\/blogg.varldenidag.se\/musik\/wp-json\/wp\/v2\/users\/15"}],"replies":[{"embeddable":true,"href":"http:\/\/blogg.varldenidag.se\/musik\/wp-json\/wp\/v2\/comments?post=3106"}],"version-history":[{"count":1,"href":"http:\/\/blogg.varldenidag.se\/musik\/wp-json\/wp\/v2\/posts\/3106\/revisions"}],"predecessor-version":[{"id":3107,"href":"http:\/\/blogg.varldenidag.se\/musik\/wp-json\/wp\/v2\/posts\/3106\/revisions\/3107"}],"wp:attachment":[{"href":"http:\/\/blogg.varldenidag.se\/musik\/wp-json\/wp\/v2\/media?parent=3106"}],"wp:term":[{"taxonomy":"category","embeddable":true,"href":"http:\/\/blogg.varldenidag.se\/musik\/wp-json\/wp\/v2\/categories?post=3106"},{"taxonomy":"post_tag","embeddable":true,"href":"http:\/\/blogg.varldenidag.se\/musik\/wp-json\/wp\/v2\/tags?post=3106"}],"curies":[{"name":"wp","href":"https:\/\/api.w.org\/{rel}","templated":true}]}}