{"id":3104,"date":"2017-06-20T00:29:42","date_gmt":"2017-06-19T22:29:42","guid":{"rendered":"http:\/\/blogg.varldenidag.se\/musik\/?p=3104"},"modified":"2017-06-12T20:29:56","modified_gmt":"2017-06-12T18:29:56","slug":"newsboys-tillbaka-med-cover","status":"publish","type":"post","link":"http:\/\/blogg.varldenidag.se\/musik\/newsboys-tillbaka-med-cover\/","title":{"rendered":"Newsboys tillbaka med cover"},"content":{"rendered":"<p><!-- x-tinymce\/html --><\/p>\n<p>Ni vet s\u00e4kert redan historien om <strong>Newsboys &#8211; <\/strong>bandet som var ett av de absolut st\u00f6rsta p\u00e5 den kristna scenen med <strong>Peter Furler <\/strong>vid mikrofonen, men som fick nytt liv trots att <strong>Furler <\/strong>hoppade av och ist\u00e4llet ersattes av den tidigare <strong>DC-Talk-<\/strong>medlemmen <strong>Michael Tait <\/strong>vid rodret.<\/p>\n<p>Framg\u00e5ngarna har fortsatt \u00e4ven med <strong>Tait <\/strong>i fronten, speciellt hemma i USA. Nu har de sl\u00e4ppt ny singel, denna g\u00e5ng en cover av <strong>Cody Carnes <\/strong>sk\u00f6na <em>&#8221;The cross has the final Word&#8221;. <\/em>En v\u00e4lskriven l\u00e5t som <strong>Newsboys <\/strong>skapar nytt liv \u00e5t genom att ge den en mer radiov\u00e4nlig kostym. Vad tycker du sj\u00e4lv &#8211; vilken version av l\u00e5ten \u00e4r b\u00e4st?<\/p>\n<div class=\"video-container\"><iframe title=\"Spotify Embed: The Cross Has the Final Word\" style=\"border-radius: 12px\" width=\"100%\" height=\"152\" frameborder=\"0\" allowfullscreen allow=\"autoplay; clipboard-write; encrypted-media; fullscreen; picture-in-picture\" loading=\"lazy\" src=\"https:\/\/open.spotify.com\/embed\/track\/41nkU0JrutEgNZJhrf8bjn?utm_source=oembed\"><\/iframe><\/div>\n","protected":false},"excerpt":{"rendered":"<p>Ni vet s\u00e4kert redan historien om Newsboys &#8211; bandet som var ett av de absolut st\u00f6rsta p\u00e5 den kristna scenen med Peter Furler vid mikrofonen, men som [&hellip;]<\/p>\n","protected":false},"author":15,"featured_media":0,"comment_status":"open","ping_status":"open","sticky":false,"template":"","format":"standard","meta":{"footnotes":"","_links_to":"","_links_to_target":""},"categories":[1],"tags":[],"class_list":["post-3104","post","type-post","status-publish","format-standard","hentry","category-musik"],"_links":{"self":[{"href":"http:\/\/blogg.varldenidag.se\/musik\/wp-json\/wp\/v2\/posts\/3104","targetHints":{"allow":["GET"]}}],"collection":[{"href":"http:\/\/blogg.varldenidag.se\/musik\/wp-json\/wp\/v2\/posts"}],"about":[{"href":"http:\/\/blogg.varldenidag.se\/musik\/wp-json\/wp\/v2\/types\/post"}],"author":[{"embeddable":true,"href":"http:\/\/blogg.varldenidag.se\/musik\/wp-json\/wp\/v2\/users\/15"}],"replies":[{"embeddable":true,"href":"http:\/\/blogg.varldenidag.se\/musik\/wp-json\/wp\/v2\/comments?post=3104"}],"version-history":[{"count":1,"href":"http:\/\/blogg.varldenidag.se\/musik\/wp-json\/wp\/v2\/posts\/3104\/revisions"}],"predecessor-version":[{"id":3105,"href":"http:\/\/blogg.varldenidag.se\/musik\/wp-json\/wp\/v2\/posts\/3104\/revisions\/3105"}],"wp:attachment":[{"href":"http:\/\/blogg.varldenidag.se\/musik\/wp-json\/wp\/v2\/media?parent=3104"}],"wp:term":[{"taxonomy":"category","embeddable":true,"href":"http:\/\/blogg.varldenidag.se\/musik\/wp-json\/wp\/v2\/categories?post=3104"},{"taxonomy":"post_tag","embeddable":true,"href":"http:\/\/blogg.varldenidag.se\/musik\/wp-json\/wp\/v2\/tags?post=3104"}],"curies":[{"name":"wp","href":"https:\/\/api.w.org\/{rel}","templated":true}]}}