{"id":3102,"date":"2017-06-18T00:17:40","date_gmt":"2017-06-17T22:17:40","guid":{"rendered":"http:\/\/blogg.varldenidag.se\/musik\/?p=3102"},"modified":"2017-06-12T20:17:52","modified_gmt":"2017-06-12T18:17:52","slug":"lz7-raddar-sommaren","status":"publish","type":"post","link":"http:\/\/blogg.varldenidag.se\/musik\/lz7-raddar-sommaren\/","title":{"rendered":"LZ7 r\u00e4ddar sommaren"},"content":{"rendered":"<p><!-- x-tinymce\/html --><!-- x-tinymce\/html --><\/p>\n<p>Engelska <strong>LZ7 <\/strong>har en sansl\u00f6s f\u00f6rm\u00e5ga att skapa festst\u00e4mning &#8211; samtidigt som de sprider positiv energi omkring sig \u00f6verallt d\u00e4r de far fram. N\u00e4r de nu inte sl\u00e4pper bara en utan tv\u00e5 l\u00e5tar lagom till sommarsolen b\u00f6rjar titta fram bakom de regntunga molnen s\u00e5 g\u00e5r det inte att bli annat \u00e4n att bli lycklig!<\/p>\n<p>L\u00e5tarna <em>&#8221;Golden&#8221; <\/em>och <em>&#8221;Give My All&#8221; <\/em>\u00e4r b\u00e5da riktiga lyckopiller som f\u00e5r pulsen att stiga och kroppen att\u00a0hoppa som ett litet barn p\u00e5 en studsmatta. B\u00e5da l\u00e5tarna \u00e4r i absolut toppklass; det h\u00e4r \u00e4r musik som skulle kunna toppa vilken topplista som helst. Energi, snygg produktion och gl\u00e4dje rakt igenom. Vilken av l\u00e5tarna som \u00e4r b\u00e4st? Tja, i mina \u00f6ron funkar b\u00e5da lika bra. Tack <strong>LZ7 <\/strong>&#8211; sommaren \u00e4r r\u00e4ddad!<\/p>\n<div class=\"video-container\"><iframe title=\"Spotify Embed: Give My All \/ Golden\" style=\"border-radius: 12px\" width=\"100%\" height=\"352\" frameborder=\"0\" allowfullscreen allow=\"autoplay; clipboard-write; encrypted-media; fullscreen; picture-in-picture\" loading=\"lazy\" src=\"https:\/\/open.spotify.com\/embed\/album\/3g2bJZOzKMH9kYA0Gilhbt?utm_source=oembed\"><\/iframe><\/div>\n","protected":false},"excerpt":{"rendered":"<p>Engelska LZ7 har en sansl\u00f6s f\u00f6rm\u00e5ga att skapa festst\u00e4mning &#8211; samtidigt som de sprider positiv energi omkring sig \u00f6verallt d\u00e4r de far fram. N\u00e4r de nu inte [&hellip;]<\/p>\n","protected":false},"author":15,"featured_media":0,"comment_status":"open","ping_status":"open","sticky":false,"template":"","format":"standard","meta":{"footnotes":"","_links_to":"","_links_to_target":""},"categories":[1],"tags":[],"class_list":["post-3102","post","type-post","status-publish","format-standard","hentry","category-musik"],"_links":{"self":[{"href":"http:\/\/blogg.varldenidag.se\/musik\/wp-json\/wp\/v2\/posts\/3102","targetHints":{"allow":["GET"]}}],"collection":[{"href":"http:\/\/blogg.varldenidag.se\/musik\/wp-json\/wp\/v2\/posts"}],"about":[{"href":"http:\/\/blogg.varldenidag.se\/musik\/wp-json\/wp\/v2\/types\/post"}],"author":[{"embeddable":true,"href":"http:\/\/blogg.varldenidag.se\/musik\/wp-json\/wp\/v2\/users\/15"}],"replies":[{"embeddable":true,"href":"http:\/\/blogg.varldenidag.se\/musik\/wp-json\/wp\/v2\/comments?post=3102"}],"version-history":[{"count":1,"href":"http:\/\/blogg.varldenidag.se\/musik\/wp-json\/wp\/v2\/posts\/3102\/revisions"}],"predecessor-version":[{"id":3103,"href":"http:\/\/blogg.varldenidag.se\/musik\/wp-json\/wp\/v2\/posts\/3102\/revisions\/3103"}],"wp:attachment":[{"href":"http:\/\/blogg.varldenidag.se\/musik\/wp-json\/wp\/v2\/media?parent=3102"}],"wp:term":[{"taxonomy":"category","embeddable":true,"href":"http:\/\/blogg.varldenidag.se\/musik\/wp-json\/wp\/v2\/categories?post=3102"},{"taxonomy":"post_tag","embeddable":true,"href":"http:\/\/blogg.varldenidag.se\/musik\/wp-json\/wp\/v2\/tags?post=3102"}],"curies":[{"name":"wp","href":"https:\/\/api.w.org\/{rel}","templated":true}]}}